{"id":133,"date":"2013-04-01T11:37:00","date_gmt":"2013-04-01T11:37:00","guid":{"rendered":"https:\/\/www.neufmois.fr\/les-confessions\/?p=133"},"modified":"2013-04-01T11:37:00","modified_gmt":"2013-04-01T11:37:00","slug":"se-sent-il-vraiment-concerner","status":"publish","type":"post","link":"https:\/\/www.neufmois.fr\/les-confessions\/se-sent-il-vraiment-concerner","title":{"rendered":"se sent il vraiment concerner"},"content":{"rendered":"<p>Bonjours je suis enceinte de biento 7 mois et le papa na toujour pas de travail et je trouve<br \/>\nQuil ce bouge pas bocoup pour trouver il se leve tj bien apres<br \/>\nMoi qd jme mais jamais avant 10h environ il cherche pas vraiment<br \/>\nPour linstant on est chez ses parent mais jai trouver un apartement<br \/>\nTemporaire dnc ou il faudra une autotisation pour<br \/>\nQuil vive avc moi le truc c que un sa fait plusieur mois je<br \/>\nTouche des aides de la caf je lui paye le tabac le bus une<br \/>\nDette quil a au debu on devais emenager ensemble qd ca<br \/>\nSerai regler cet dette et la que jai les clef de laparte ds la semaine<br \/>\n Et que c parent pete un plom parce quil bouge pas dnc risque<br \/>\nDetre mis a la porte il veux quon emmenage et ce declare<br \/>\nEnsemble moi jai des projet professionel (formation) lui rien<br \/>\nJe sait plus quoi penser sa famille et la mienne sinquiette<br \/>\nQuil nes rien et ne bouge pas et ma mere trouve innanmissible<br \/>\nQue je paye tt surtt c dette ellz sinquiette quavc le temps jassume<br \/>\nTt et lui rieen que je soit la seul a travailler et lui profite<br \/>\nElle voit que jen veux que j fait tt pour pas rester trop longtemp<br \/>\nAu crochet de letat et que lui fait rien <\/p>\n","protected":false},"excerpt":{"rendered":"<p>Bonjours je suis enceinte de biento 7 mois et le papa na toujour pas de travail et je trouve Quil ce bouge pas bocoup pour trouver il se leve tj bien apres Moi qd jme mais jamais avant 10h environ il cherche pas vraiment Pour linstant on est chez ses parent mais jai trouver un apartement Temporaire dnc ou il faudra une autotisation pour Quil vive avc moi le truc c que un sa fait plusieur mois je Touche des aides de la caf je lui paye le tabac le<\/p>\n","protected":false},"author":461446,"featured_media":0,"comment_status":"open","ping_status":"open","sticky":false,"template":"","format":"standard","meta":[],"categories":[1],"tags":[],"yoast_head":"<!-- This site is optimized with the Yoast SEO plugin v20.4 - https:\/\/yoast.com\/wordpress\/plugins\/seo\/ -->\n<title>se sent il vraiment concerner - Les confessions<\/title>\n<meta name=\"robots\" content=\"index, follow, max-snippet:-1, max-image-preview:large, max-video-preview:-1\" \/>\n<link rel=\"canonical\" href=\"https:\/\/www.neufmois.fr\/les-confessions\/se-sent-il-vraiment-concerner\" \/>\n<meta property=\"og:locale\" content=\"fr_FR\" \/>\n<meta property=\"og:type\" content=\"article\" \/>\n<meta property=\"og:title\" content=\"se sent il vraiment concerner - Les confessions\" \/>\n<meta property=\"og:description\" content=\"Bonjours je suis enceinte de biento 7 mois et le papa na toujour pas de travail et je trouve Quil ce bouge pas bocoup pour trouver il se leve tj bien apres Moi qd jme mais jamais avant 10h environ il cherche pas vraiment Pour linstant on est chez ses parent mais jai trouver un apartement Temporaire dnc ou il faudra une autotisation pour Quil vive avc moi le truc c que un sa fait plusieur mois je Touche des aides de la caf je lui paye le tabac le\" \/>\n<meta property=\"og:url\" content=\"https:\/\/www.neufmois.fr\/les-confessions\/se-sent-il-vraiment-concerner\" \/>\n<meta property=\"og:site_name\" content=\"Les confessions\" \/>\n<meta property=\"article:published_time\" content=\"2013-04-01T11:37:00+00:00\" \/>\n<meta name=\"author\" content=\"maman anonyme\" \/>\n<meta name=\"twitter:card\" content=\"summary_large_image\" \/>\n<meta name=\"twitter:label1\" content=\"\u00c9crit par\" \/>\n\t<meta name=\"twitter:data1\" content=\"maman anonyme\" \/>\n\t<meta name=\"twitter:label2\" content=\"Dur\u00e9e de lecture estim\u00e9e\" \/>\n\t<meta name=\"twitter:data2\" content=\"1 minute\" \/>\n<script type=\"application\/ld+json\" class=\"yoast-schema-graph\">{\"@context\":\"https:\/\/schema.org\",\"@graph\":[{\"@type\":\"WebPage\",\"@id\":\"https:\/\/www.neufmois.fr\/les-confessions\/se-sent-il-vraiment-concerner\",\"url\":\"https:\/\/www.neufmois.fr\/les-confessions\/se-sent-il-vraiment-concerner\",\"name\":\"se sent il vraiment concerner - Les confessions\",\"isPartOf\":{\"@id\":\"https:\/\/www.neufmois.fr\/les-confessions\/#website\"},\"datePublished\":\"2013-04-01T11:37:00+00:00\",\"dateModified\":\"2013-04-01T11:37:00+00:00\",\"author\":{\"@id\":\"https:\/\/www.neufmois.fr\/les-confessions\/#\/schema\/person\/893fe127c653ae6741f53a67962f8b5d\"},\"breadcrumb\":{\"@id\":\"https:\/\/www.neufmois.fr\/les-confessions\/se-sent-il-vraiment-concerner#breadcrumb\"},\"inLanguage\":\"fr-FR\",\"potentialAction\":[{\"@type\":\"ReadAction\",\"target\":[\"https:\/\/www.neufmois.fr\/les-confessions\/se-sent-il-vraiment-concerner\"]}]},{\"@type\":\"BreadcrumbList\",\"@id\":\"https:\/\/www.neufmois.fr\/les-confessions\/se-sent-il-vraiment-concerner#breadcrumb\",\"itemListElement\":[{\"@type\":\"ListItem\",\"position\":1,\"name\":\"Accueil\",\"item\":\"https:\/\/www.neufmois.fr\/les-confessions\/\"},{\"@type\":\"ListItem\",\"position\":2,\"name\":\"se sent il vraiment concerner\"}]},{\"@type\":\"WebSite\",\"@id\":\"https:\/\/www.neufmois.fr\/les-confessions\/#website\",\"url\":\"https:\/\/www.neufmois.fr\/les-confessions\/\",\"name\":\"Les confessions\",\"description\":\" Les confessions\",\"potentialAction\":[{\"@type\":\"SearchAction\",\"target\":{\"@type\":\"EntryPoint\",\"urlTemplate\":\"https:\/\/www.neufmois.fr\/les-confessions\/?s={search_term_string}\"},\"query-input\":\"required name=search_term_string\"}],\"inLanguage\":\"fr-FR\"},{\"@type\":\"Person\",\"@id\":\"https:\/\/www.neufmois.fr\/les-confessions\/#\/schema\/person\/893fe127c653ae6741f53a67962f8b5d\",\"name\":\"maman anonyme\",\"image\":{\"@type\":\"ImageObject\",\"inLanguage\":\"fr-FR\",\"@id\":\"https:\/\/www.neufmois.fr\/les-confessions\/#\/schema\/person\/image\/\",\"url\":\"https:\/\/secure.gravatar.com\/avatar\/e4b3abeefeb17983433f333a4c54f394?s=96&d=mm&r=g\",\"contentUrl\":\"https:\/\/secure.gravatar.com\/avatar\/e4b3abeefeb17983433f333a4c54f394?s=96&d=mm&r=g\",\"caption\":\"maman anonyme\"},\"url\":\"https:\/\/www.neufmois.fr\/les-confessions\/author\/anonyme\"}]}<\/script>\n<!-- \/ Yoast SEO plugin. -->","yoast_head_json":{"title":"se sent il vraiment concerner - Les confessions","robots":{"index":"index","follow":"follow","max-snippet":"max-snippet:-1","max-image-preview":"max-image-preview:large","max-video-preview":"max-video-preview:-1"},"canonical":"https:\/\/www.neufmois.fr\/les-confessions\/se-sent-il-vraiment-concerner","og_locale":"fr_FR","og_type":"article","og_title":"se sent il vraiment concerner - Les confessions","og_description":"Bonjours je suis enceinte de biento 7 mois et le papa na toujour pas de travail et je trouve Quil ce bouge pas bocoup pour trouver il se leve tj bien apres Moi qd jme mais jamais avant 10h environ il cherche pas vraiment Pour linstant on est chez ses parent mais jai trouver un apartement Temporaire dnc ou il faudra une autotisation pour Quil vive avc moi le truc c que un sa fait plusieur mois je Touche des aides de la caf je lui paye le tabac le","og_url":"https:\/\/www.neufmois.fr\/les-confessions\/se-sent-il-vraiment-concerner","og_site_name":"Les confessions","article_published_time":"2013-04-01T11:37:00+00:00","author":"maman anonyme","twitter_card":"summary_large_image","twitter_misc":{"\u00c9crit par":"maman anonyme","Dur\u00e9e de lecture estim\u00e9e":"1 minute"},"schema":{"@context":"https:\/\/schema.org","@graph":[{"@type":"WebPage","@id":"https:\/\/www.neufmois.fr\/les-confessions\/se-sent-il-vraiment-concerner","url":"https:\/\/www.neufmois.fr\/les-confessions\/se-sent-il-vraiment-concerner","name":"se sent il vraiment concerner - Les confessions","isPartOf":{"@id":"https:\/\/www.neufmois.fr\/les-confessions\/#website"},"datePublished":"2013-04-01T11:37:00+00:00","dateModified":"2013-04-01T11:37:00+00:00","author":{"@id":"https:\/\/www.neufmois.fr\/les-confessions\/#\/schema\/person\/893fe127c653ae6741f53a67962f8b5d"},"breadcrumb":{"@id":"https:\/\/www.neufmois.fr\/les-confessions\/se-sent-il-vraiment-concerner#breadcrumb"},"inLanguage":"fr-FR","potentialAction":[{"@type":"ReadAction","target":["https:\/\/www.neufmois.fr\/les-confessions\/se-sent-il-vraiment-concerner"]}]},{"@type":"BreadcrumbList","@id":"https:\/\/www.neufmois.fr\/les-confessions\/se-sent-il-vraiment-concerner#breadcrumb","itemListElement":[{"@type":"ListItem","position":1,"name":"Accueil","item":"https:\/\/www.neufmois.fr\/les-confessions\/"},{"@type":"ListItem","position":2,"name":"se sent il vraiment concerner"}]},{"@type":"WebSite","@id":"https:\/\/www.neufmois.fr\/les-confessions\/#website","url":"https:\/\/www.neufmois.fr\/les-confessions\/","name":"Les confessions","description":" Les confessions","potentialAction":[{"@type":"SearchAction","target":{"@type":"EntryPoint","urlTemplate":"https:\/\/www.neufmois.fr\/les-confessions\/?s={search_term_string}"},"query-input":"required name=search_term_string"}],"inLanguage":"fr-FR"},{"@type":"Person","@id":"https:\/\/www.neufmois.fr\/les-confessions\/#\/schema\/person\/893fe127c653ae6741f53a67962f8b5d","name":"maman anonyme","image":{"@type":"ImageObject","inLanguage":"fr-FR","@id":"https:\/\/www.neufmois.fr\/les-confessions\/#\/schema\/person\/image\/","url":"https:\/\/secure.gravatar.com\/avatar\/e4b3abeefeb17983433f333a4c54f394?s=96&d=mm&r=g","contentUrl":"https:\/\/secure.gravatar.com\/avatar\/e4b3abeefeb17983433f333a4c54f394?s=96&d=mm&r=g","caption":"maman anonyme"},"url":"https:\/\/www.neufmois.fr\/les-confessions\/author\/anonyme"}]}},"amp_enabled":true,"_links":{"self":[{"href":"https:\/\/www.neufmois.fr\/les-confessions\/wp-json\/wp\/v2\/posts\/133"}],"collection":[{"href":"https:\/\/www.neufmois.fr\/les-confessions\/wp-json\/wp\/v2\/posts"}],"about":[{"href":"https:\/\/www.neufmois.fr\/les-confessions\/wp-json\/wp\/v2\/types\/post"}],"author":[{"embeddable":true,"href":"https:\/\/www.neufmois.fr\/les-confessions\/wp-json\/wp\/v2\/users\/461446"}],"replies":[{"embeddable":true,"href":"https:\/\/www.neufmois.fr\/les-confessions\/wp-json\/wp\/v2\/comments?post=133"}],"version-history":[{"count":0,"href":"https:\/\/www.neufmois.fr\/les-confessions\/wp-json\/wp\/v2\/posts\/133\/revisions"}],"wp:attachment":[{"href":"https:\/\/www.neufmois.fr\/les-confessions\/wp-json\/wp\/v2\/media?parent=133"}],"wp:term":[{"taxonomy":"category","embeddable":true,"href":"https:\/\/www.neufmois.fr\/les-confessions\/wp-json\/wp\/v2\/categories?post=133"},{"taxonomy":"post_tag","embeddable":true,"href":"https:\/\/www.neufmois.fr\/les-confessions\/wp-json\/wp\/v2\/tags?post=133"}],"curies":[{"name":"wp","href":"https:\/\/api.w.org\/{rel}","templated":true}]}}