{"id":124,"date":"2013-06-25T22:06:00","date_gmt":"2013-06-25T22:06:00","guid":{"rendered":"https:\/\/www.neufmois.fr\/les-confessions\/?p=124"},"modified":"2013-06-25T22:06:00","modified_gmt":"2013-06-25T22:06:00","slug":"17-ans-et-deja-maman","status":"publish","type":"post","link":"https:\/\/www.neufmois.fr\/les-confessions\/17-ans-et-deja-maman","title":{"rendered":"17 ans et d\u00e9j\u00e0 maman.."},"content":{"rendered":"<p>Alors voila, j&rsquo;ai 17 ans j&rsquo;ai appris au mois de Mars que j&rsquo;\u00e9tait enceinte de 7 semaines. Maintenant je suis bient\u00f4t \u00e0 (17SA) je les donc garder avec beaucoup de plaisir et de joie, sauf que je m&rsquo;inqui\u00e8te vraiment pour tout. Peut etre le fait que j&rsquo;ai que 17 ans. Je suis a 4 mois et je sans toujours pas b\u00e9b\u00e9 bouger, d&rsquo;apr\u00e8s vous je devrai m&rsquo;inquieter ? Et je pers beaucoup de liquide, d&rsquo;apr\u00e8s vous c&rsquo;est grave ? J&rsquo;ai remarquer que je stresser beaucoup, merci pour ceux qui me r\u00e9pondron.  <\/p>\n","protected":false},"excerpt":{"rendered":"<p>Alors voila, j&rsquo;ai 17 ans j&rsquo;ai appris au mois de Mars que j&rsquo;\u00e9tait enceinte de 7 semaines. Maintenant je suis bient\u00f4t \u00e0 (17SA) je les donc garder avec beaucoup de plaisir et de joie, sauf que je m&rsquo;inqui\u00e8te vraiment pour tout. Peut etre le fait que j&rsquo;ai que 17 ans. Je suis a 4 mois et je sans toujours pas b\u00e9b\u00e9 bouger, d&rsquo;apr\u00e8s vous je devrai m&rsquo;inquieter ? Et je pers beaucoup de liquide, d&rsquo;apr\u00e8s vous c&rsquo;est grave ? J&rsquo;ai remarquer que je stresser beaucoup, merci pour ceux qui me<\/p>\n","protected":false},"author":461446,"featured_media":0,"comment_status":"open","ping_status":"open","sticky":false,"template":"","format":"standard","meta":[],"categories":[1],"tags":[],"yoast_head":"<!-- This site is optimized with the Yoast SEO plugin v20.4 - https:\/\/yoast.com\/wordpress\/plugins\/seo\/ -->\n<title>17 ans et d\u00e9j\u00e0 maman.. - Les confessions<\/title>\n<meta name=\"robots\" content=\"index, follow, max-snippet:-1, max-image-preview:large, max-video-preview:-1\" \/>\n<link rel=\"canonical\" href=\"https:\/\/www.neufmois.fr\/les-confessions\/17-ans-et-deja-maman\" \/>\n<meta property=\"og:locale\" content=\"fr_FR\" \/>\n<meta property=\"og:type\" content=\"article\" \/>\n<meta property=\"og:title\" content=\"17 ans et d\u00e9j\u00e0 maman.. - Les confessions\" \/>\n<meta property=\"og:description\" content=\"Alors voila, j&rsquo;ai 17 ans j&rsquo;ai appris au mois de Mars que j&rsquo;\u00e9tait enceinte de 7 semaines. Maintenant je suis bient\u00f4t \u00e0 (17SA) je les donc garder avec beaucoup de plaisir et de joie, sauf que je m&rsquo;inqui\u00e8te vraiment pour tout. Peut etre le fait que j&rsquo;ai que 17 ans. Je suis a 4 mois et je sans toujours pas b\u00e9b\u00e9 bouger, d&rsquo;apr\u00e8s vous je devrai m&rsquo;inquieter ? Et je pers beaucoup de liquide, d&rsquo;apr\u00e8s vous c&rsquo;est grave ? J&rsquo;ai remarquer que je stresser beaucoup, merci pour ceux qui me\" \/>\n<meta property=\"og:url\" content=\"https:\/\/www.neufmois.fr\/les-confessions\/17-ans-et-deja-maman\" \/>\n<meta property=\"og:site_name\" content=\"Les confessions\" \/>\n<meta property=\"article:published_time\" content=\"2013-06-25T22:06:00+00:00\" \/>\n<meta name=\"author\" content=\"maman anonyme\" \/>\n<meta name=\"twitter:card\" content=\"summary_large_image\" \/>\n<meta name=\"twitter:label1\" content=\"\u00c9crit par\" \/>\n\t<meta name=\"twitter:data1\" content=\"maman anonyme\" \/>\n<script type=\"application\/ld+json\" class=\"yoast-schema-graph\">{\"@context\":\"https:\/\/schema.org\",\"@graph\":[{\"@type\":\"WebPage\",\"@id\":\"https:\/\/www.neufmois.fr\/les-confessions\/17-ans-et-deja-maman\",\"url\":\"https:\/\/www.neufmois.fr\/les-confessions\/17-ans-et-deja-maman\",\"name\":\"17 ans et d\u00e9j\u00e0 maman.. - Les confessions\",\"isPartOf\":{\"@id\":\"https:\/\/www.neufmois.fr\/les-confessions\/#website\"},\"datePublished\":\"2013-06-25T22:06:00+00:00\",\"dateModified\":\"2013-06-25T22:06:00+00:00\",\"author\":{\"@id\":\"https:\/\/www.neufmois.fr\/les-confessions\/#\/schema\/person\/893fe127c653ae6741f53a67962f8b5d\"},\"breadcrumb\":{\"@id\":\"https:\/\/www.neufmois.fr\/les-confessions\/17-ans-et-deja-maman#breadcrumb\"},\"inLanguage\":\"fr-FR\",\"potentialAction\":[{\"@type\":\"ReadAction\",\"target\":[\"https:\/\/www.neufmois.fr\/les-confessions\/17-ans-et-deja-maman\"]}]},{\"@type\":\"BreadcrumbList\",\"@id\":\"https:\/\/www.neufmois.fr\/les-confessions\/17-ans-et-deja-maman#breadcrumb\",\"itemListElement\":[{\"@type\":\"ListItem\",\"position\":1,\"name\":\"Accueil\",\"item\":\"https:\/\/www.neufmois.fr\/les-confessions\/\"},{\"@type\":\"ListItem\",\"position\":2,\"name\":\"17 ans et d\u00e9j\u00e0 maman..\"}]},{\"@type\":\"WebSite\",\"@id\":\"https:\/\/www.neufmois.fr\/les-confessions\/#website\",\"url\":\"https:\/\/www.neufmois.fr\/les-confessions\/\",\"name\":\"Les confessions\",\"description\":\" Les confessions\",\"potentialAction\":[{\"@type\":\"SearchAction\",\"target\":{\"@type\":\"EntryPoint\",\"urlTemplate\":\"https:\/\/www.neufmois.fr\/les-confessions\/?s={search_term_string}\"},\"query-input\":\"required name=search_term_string\"}],\"inLanguage\":\"fr-FR\"},{\"@type\":\"Person\",\"@id\":\"https:\/\/www.neufmois.fr\/les-confessions\/#\/schema\/person\/893fe127c653ae6741f53a67962f8b5d\",\"name\":\"maman anonyme\",\"image\":{\"@type\":\"ImageObject\",\"inLanguage\":\"fr-FR\",\"@id\":\"https:\/\/www.neufmois.fr\/les-confessions\/#\/schema\/person\/image\/\",\"url\":\"https:\/\/secure.gravatar.com\/avatar\/e4b3abeefeb17983433f333a4c54f394?s=96&d=mm&r=g\",\"contentUrl\":\"https:\/\/secure.gravatar.com\/avatar\/e4b3abeefeb17983433f333a4c54f394?s=96&d=mm&r=g\",\"caption\":\"maman anonyme\"},\"url\":\"https:\/\/www.neufmois.fr\/les-confessions\/author\/anonyme\"}]}<\/script>\n<!-- \/ Yoast SEO plugin. -->","yoast_head_json":{"title":"17 ans et d\u00e9j\u00e0 maman.. - Les confessions","robots":{"index":"index","follow":"follow","max-snippet":"max-snippet:-1","max-image-preview":"max-image-preview:large","max-video-preview":"max-video-preview:-1"},"canonical":"https:\/\/www.neufmois.fr\/les-confessions\/17-ans-et-deja-maman","og_locale":"fr_FR","og_type":"article","og_title":"17 ans et d\u00e9j\u00e0 maman.. - Les confessions","og_description":"Alors voila, j&rsquo;ai 17 ans j&rsquo;ai appris au mois de Mars que j&rsquo;\u00e9tait enceinte de 7 semaines. Maintenant je suis bient\u00f4t \u00e0 (17SA) je les donc garder avec beaucoup de plaisir et de joie, sauf que je m&rsquo;inqui\u00e8te vraiment pour tout. Peut etre le fait que j&rsquo;ai que 17 ans. Je suis a 4 mois et je sans toujours pas b\u00e9b\u00e9 bouger, d&rsquo;apr\u00e8s vous je devrai m&rsquo;inquieter ? Et je pers beaucoup de liquide, d&rsquo;apr\u00e8s vous c&rsquo;est grave ? J&rsquo;ai remarquer que je stresser beaucoup, merci pour ceux qui me","og_url":"https:\/\/www.neufmois.fr\/les-confessions\/17-ans-et-deja-maman","og_site_name":"Les confessions","article_published_time":"2013-06-25T22:06:00+00:00","author":"maman anonyme","twitter_card":"summary_large_image","twitter_misc":{"\u00c9crit par":"maman anonyme"},"schema":{"@context":"https:\/\/schema.org","@graph":[{"@type":"WebPage","@id":"https:\/\/www.neufmois.fr\/les-confessions\/17-ans-et-deja-maman","url":"https:\/\/www.neufmois.fr\/les-confessions\/17-ans-et-deja-maman","name":"17 ans et d\u00e9j\u00e0 maman.. - Les confessions","isPartOf":{"@id":"https:\/\/www.neufmois.fr\/les-confessions\/#website"},"datePublished":"2013-06-25T22:06:00+00:00","dateModified":"2013-06-25T22:06:00+00:00","author":{"@id":"https:\/\/www.neufmois.fr\/les-confessions\/#\/schema\/person\/893fe127c653ae6741f53a67962f8b5d"},"breadcrumb":{"@id":"https:\/\/www.neufmois.fr\/les-confessions\/17-ans-et-deja-maman#breadcrumb"},"inLanguage":"fr-FR","potentialAction":[{"@type":"ReadAction","target":["https:\/\/www.neufmois.fr\/les-confessions\/17-ans-et-deja-maman"]}]},{"@type":"BreadcrumbList","@id":"https:\/\/www.neufmois.fr\/les-confessions\/17-ans-et-deja-maman#breadcrumb","itemListElement":[{"@type":"ListItem","position":1,"name":"Accueil","item":"https:\/\/www.neufmois.fr\/les-confessions\/"},{"@type":"ListItem","position":2,"name":"17 ans et d\u00e9j\u00e0 maman.."}]},{"@type":"WebSite","@id":"https:\/\/www.neufmois.fr\/les-confessions\/#website","url":"https:\/\/www.neufmois.fr\/les-confessions\/","name":"Les confessions","description":" Les confessions","potentialAction":[{"@type":"SearchAction","target":{"@type":"EntryPoint","urlTemplate":"https:\/\/www.neufmois.fr\/les-confessions\/?s={search_term_string}"},"query-input":"required name=search_term_string"}],"inLanguage":"fr-FR"},{"@type":"Person","@id":"https:\/\/www.neufmois.fr\/les-confessions\/#\/schema\/person\/893fe127c653ae6741f53a67962f8b5d","name":"maman anonyme","image":{"@type":"ImageObject","inLanguage":"fr-FR","@id":"https:\/\/www.neufmois.fr\/les-confessions\/#\/schema\/person\/image\/","url":"https:\/\/secure.gravatar.com\/avatar\/e4b3abeefeb17983433f333a4c54f394?s=96&d=mm&r=g","contentUrl":"https:\/\/secure.gravatar.com\/avatar\/e4b3abeefeb17983433f333a4c54f394?s=96&d=mm&r=g","caption":"maman anonyme"},"url":"https:\/\/www.neufmois.fr\/les-confessions\/author\/anonyme"}]}},"amp_enabled":true,"_links":{"self":[{"href":"https:\/\/www.neufmois.fr\/les-confessions\/wp-json\/wp\/v2\/posts\/124"}],"collection":[{"href":"https:\/\/www.neufmois.fr\/les-confessions\/wp-json\/wp\/v2\/posts"}],"about":[{"href":"https:\/\/www.neufmois.fr\/les-confessions\/wp-json\/wp\/v2\/types\/post"}],"author":[{"embeddable":true,"href":"https:\/\/www.neufmois.fr\/les-confessions\/wp-json\/wp\/v2\/users\/461446"}],"replies":[{"embeddable":true,"href":"https:\/\/www.neufmois.fr\/les-confessions\/wp-json\/wp\/v2\/comments?post=124"}],"version-history":[{"count":0,"href":"https:\/\/www.neufmois.fr\/les-confessions\/wp-json\/wp\/v2\/posts\/124\/revisions"}],"wp:attachment":[{"href":"https:\/\/www.neufmois.fr\/les-confessions\/wp-json\/wp\/v2\/media?parent=124"}],"wp:term":[{"taxonomy":"category","embeddable":true,"href":"https:\/\/www.neufmois.fr\/les-confessions\/wp-json\/wp\/v2\/categories?post=124"},{"taxonomy":"post_tag","embeddable":true,"href":"https:\/\/www.neufmois.fr\/les-confessions\/wp-json\/wp\/v2\/tags?post=124"}],"curies":[{"name":"wp","href":"https:\/\/api.w.org\/{rel}","templated":true}]}}