{"id":122,"date":"2013-07-07T21:34:00","date_gmt":"2013-07-07T21:34:00","guid":{"rendered":"https:\/\/www.neufmois.fr\/les-confessions\/?p=122"},"modified":"2013-07-07T21:34:00","modified_gmt":"2013-07-07T21:34:00","slug":"grossesse-en-contexte-difficile","status":"publish","type":"post","link":"https:\/\/www.neufmois.fr\/les-confessions\/grossesse-en-contexte-difficile","title":{"rendered":"Grossesse en contexte difficile"},"content":{"rendered":"<p>Je vis avec l&rsquo;homme de ma vie depuis bient\u00f4t 15 ans. Depuis le d\u00e9but de notre relation, il tient \u00e0 son ind\u00e9pendance au point que nous n&rsquo;avons jamais officialis\u00e9 notre relation. M\u00eame le bail de notre appart est \u00e0 mon seul nom.<br \/>\nIl y a 3 ans, je suis tomb\u00e9e enceinte alors que nous avions tous deux perdu notre emploi et, sur son insistance, j&rsquo;ai d\u00e9cid\u00e9 d&rsquo;avorter. Ca me semblait raisonnable mais je n&rsquo;ai cess\u00e9 de le regretter depuis.<br \/>\nJe suis \u00e0 nouveau enceinte et ai d\u00e9cid\u00e9 de garder le b\u00e9b\u00e9 \u00e0 tout prix. Mon couple s&rsquo;en ressent et nous parlons r\u00e9guli\u00e8rement de rupture sans passer \u00e0 l&rsquo;acte.<br \/>\nJe suis p\u00e9trifi\u00e9e \u00e0 l&rsquo;id\u00e9e d&rsquo;accoucher seule ou m\u00eame de me rendre \u00e0 la maternit\u00e9 quand le moment se pr\u00e9sentera&#8230;<\/p>\n","protected":false},"excerpt":{"rendered":"<p>Je vis avec l&rsquo;homme de ma vie depuis bient\u00f4t 15 ans. Depuis le d\u00e9but de notre relation, il tient \u00e0 son ind\u00e9pendance au point que nous n&rsquo;avons jamais officialis\u00e9 notre relation. M\u00eame le bail de notre appart est \u00e0 mon seul nom. Il y a 3 ans, je suis tomb\u00e9e enceinte alors que nous avions tous deux perdu notre emploi et, sur son insistance, j&rsquo;ai d\u00e9cid\u00e9 d&rsquo;avorter. Ca me semblait raisonnable mais je n&rsquo;ai cess\u00e9 de le regretter depuis. Je suis \u00e0 nouveau enceinte et ai d\u00e9cid\u00e9 de garder le<\/p>\n","protected":false},"author":461446,"featured_media":0,"comment_status":"open","ping_status":"open","sticky":false,"template":"","format":"standard","meta":[],"categories":[1],"tags":[],"yoast_head":"<!-- This site is optimized with the Yoast SEO plugin v20.4 - https:\/\/yoast.com\/wordpress\/plugins\/seo\/ -->\n<title>Grossesse en contexte difficile - Les confessions<\/title>\n<meta name=\"robots\" content=\"index, follow, max-snippet:-1, max-image-preview:large, max-video-preview:-1\" \/>\n<link rel=\"canonical\" href=\"https:\/\/www.neufmois.fr\/les-confessions\/grossesse-en-contexte-difficile\" \/>\n<meta property=\"og:locale\" content=\"fr_FR\" \/>\n<meta property=\"og:type\" content=\"article\" \/>\n<meta property=\"og:title\" content=\"Grossesse en contexte difficile - Les confessions\" \/>\n<meta property=\"og:description\" content=\"Je vis avec l&rsquo;homme de ma vie depuis bient\u00f4t 15 ans. Depuis le d\u00e9but de notre relation, il tient \u00e0 son ind\u00e9pendance au point que nous n&rsquo;avons jamais officialis\u00e9 notre relation. M\u00eame le bail de notre appart est \u00e0 mon seul nom. Il y a 3 ans, je suis tomb\u00e9e enceinte alors que nous avions tous deux perdu notre emploi et, sur son insistance, j&rsquo;ai d\u00e9cid\u00e9 d&rsquo;avorter. Ca me semblait raisonnable mais je n&rsquo;ai cess\u00e9 de le regretter depuis. Je suis \u00e0 nouveau enceinte et ai d\u00e9cid\u00e9 de garder le\" \/>\n<meta property=\"og:url\" content=\"https:\/\/www.neufmois.fr\/les-confessions\/grossesse-en-contexte-difficile\" \/>\n<meta property=\"og:site_name\" content=\"Les confessions\" \/>\n<meta property=\"article:published_time\" content=\"2013-07-07T21:34:00+00:00\" \/>\n<meta name=\"author\" content=\"maman anonyme\" \/>\n<meta name=\"twitter:card\" content=\"summary_large_image\" \/>\n<meta name=\"twitter:label1\" content=\"\u00c9crit par\" \/>\n\t<meta name=\"twitter:data1\" content=\"maman anonyme\" \/>\n\t<meta name=\"twitter:label2\" content=\"Dur\u00e9e de lecture estim\u00e9e\" \/>\n\t<meta name=\"twitter:data2\" content=\"1 minute\" \/>\n<script type=\"application\/ld+json\" class=\"yoast-schema-graph\">{\"@context\":\"https:\/\/schema.org\",\"@graph\":[{\"@type\":\"WebPage\",\"@id\":\"https:\/\/www.neufmois.fr\/les-confessions\/grossesse-en-contexte-difficile\",\"url\":\"https:\/\/www.neufmois.fr\/les-confessions\/grossesse-en-contexte-difficile\",\"name\":\"Grossesse en contexte difficile - Les confessions\",\"isPartOf\":{\"@id\":\"https:\/\/www.neufmois.fr\/les-confessions\/#website\"},\"datePublished\":\"2013-07-07T21:34:00+00:00\",\"dateModified\":\"2013-07-07T21:34:00+00:00\",\"author\":{\"@id\":\"https:\/\/www.neufmois.fr\/les-confessions\/#\/schema\/person\/893fe127c653ae6741f53a67962f8b5d\"},\"breadcrumb\":{\"@id\":\"https:\/\/www.neufmois.fr\/les-confessions\/grossesse-en-contexte-difficile#breadcrumb\"},\"inLanguage\":\"fr-FR\",\"potentialAction\":[{\"@type\":\"ReadAction\",\"target\":[\"https:\/\/www.neufmois.fr\/les-confessions\/grossesse-en-contexte-difficile\"]}]},{\"@type\":\"BreadcrumbList\",\"@id\":\"https:\/\/www.neufmois.fr\/les-confessions\/grossesse-en-contexte-difficile#breadcrumb\",\"itemListElement\":[{\"@type\":\"ListItem\",\"position\":1,\"name\":\"Accueil\",\"item\":\"https:\/\/www.neufmois.fr\/les-confessions\/\"},{\"@type\":\"ListItem\",\"position\":2,\"name\":\"Grossesse en contexte difficile\"}]},{\"@type\":\"WebSite\",\"@id\":\"https:\/\/www.neufmois.fr\/les-confessions\/#website\",\"url\":\"https:\/\/www.neufmois.fr\/les-confessions\/\",\"name\":\"Les confessions\",\"description\":\" Les confessions\",\"potentialAction\":[{\"@type\":\"SearchAction\",\"target\":{\"@type\":\"EntryPoint\",\"urlTemplate\":\"https:\/\/www.neufmois.fr\/les-confessions\/?s={search_term_string}\"},\"query-input\":\"required name=search_term_string\"}],\"inLanguage\":\"fr-FR\"},{\"@type\":\"Person\",\"@id\":\"https:\/\/www.neufmois.fr\/les-confessions\/#\/schema\/person\/893fe127c653ae6741f53a67962f8b5d\",\"name\":\"maman anonyme\",\"image\":{\"@type\":\"ImageObject\",\"inLanguage\":\"fr-FR\",\"@id\":\"https:\/\/www.neufmois.fr\/les-confessions\/#\/schema\/person\/image\/\",\"url\":\"https:\/\/secure.gravatar.com\/avatar\/e4b3abeefeb17983433f333a4c54f394?s=96&d=mm&r=g\",\"contentUrl\":\"https:\/\/secure.gravatar.com\/avatar\/e4b3abeefeb17983433f333a4c54f394?s=96&d=mm&r=g\",\"caption\":\"maman anonyme\"},\"url\":\"https:\/\/www.neufmois.fr\/les-confessions\/author\/anonyme\"}]}<\/script>\n<!-- \/ Yoast SEO plugin. -->","yoast_head_json":{"title":"Grossesse en contexte difficile - Les confessions","robots":{"index":"index","follow":"follow","max-snippet":"max-snippet:-1","max-image-preview":"max-image-preview:large","max-video-preview":"max-video-preview:-1"},"canonical":"https:\/\/www.neufmois.fr\/les-confessions\/grossesse-en-contexte-difficile","og_locale":"fr_FR","og_type":"article","og_title":"Grossesse en contexte difficile - Les confessions","og_description":"Je vis avec l&rsquo;homme de ma vie depuis bient\u00f4t 15 ans. Depuis le d\u00e9but de notre relation, il tient \u00e0 son ind\u00e9pendance au point que nous n&rsquo;avons jamais officialis\u00e9 notre relation. M\u00eame le bail de notre appart est \u00e0 mon seul nom. Il y a 3 ans, je suis tomb\u00e9e enceinte alors que nous avions tous deux perdu notre emploi et, sur son insistance, j&rsquo;ai d\u00e9cid\u00e9 d&rsquo;avorter. Ca me semblait raisonnable mais je n&rsquo;ai cess\u00e9 de le regretter depuis. Je suis \u00e0 nouveau enceinte et ai d\u00e9cid\u00e9 de garder le","og_url":"https:\/\/www.neufmois.fr\/les-confessions\/grossesse-en-contexte-difficile","og_site_name":"Les confessions","article_published_time":"2013-07-07T21:34:00+00:00","author":"maman anonyme","twitter_card":"summary_large_image","twitter_misc":{"\u00c9crit par":"maman anonyme","Dur\u00e9e de lecture estim\u00e9e":"1 minute"},"schema":{"@context":"https:\/\/schema.org","@graph":[{"@type":"WebPage","@id":"https:\/\/www.neufmois.fr\/les-confessions\/grossesse-en-contexte-difficile","url":"https:\/\/www.neufmois.fr\/les-confessions\/grossesse-en-contexte-difficile","name":"Grossesse en contexte difficile - Les confessions","isPartOf":{"@id":"https:\/\/www.neufmois.fr\/les-confessions\/#website"},"datePublished":"2013-07-07T21:34:00+00:00","dateModified":"2013-07-07T21:34:00+00:00","author":{"@id":"https:\/\/www.neufmois.fr\/les-confessions\/#\/schema\/person\/893fe127c653ae6741f53a67962f8b5d"},"breadcrumb":{"@id":"https:\/\/www.neufmois.fr\/les-confessions\/grossesse-en-contexte-difficile#breadcrumb"},"inLanguage":"fr-FR","potentialAction":[{"@type":"ReadAction","target":["https:\/\/www.neufmois.fr\/les-confessions\/grossesse-en-contexte-difficile"]}]},{"@type":"BreadcrumbList","@id":"https:\/\/www.neufmois.fr\/les-confessions\/grossesse-en-contexte-difficile#breadcrumb","itemListElement":[{"@type":"ListItem","position":1,"name":"Accueil","item":"https:\/\/www.neufmois.fr\/les-confessions\/"},{"@type":"ListItem","position":2,"name":"Grossesse en contexte difficile"}]},{"@type":"WebSite","@id":"https:\/\/www.neufmois.fr\/les-confessions\/#website","url":"https:\/\/www.neufmois.fr\/les-confessions\/","name":"Les confessions","description":" Les confessions","potentialAction":[{"@type":"SearchAction","target":{"@type":"EntryPoint","urlTemplate":"https:\/\/www.neufmois.fr\/les-confessions\/?s={search_term_string}"},"query-input":"required name=search_term_string"}],"inLanguage":"fr-FR"},{"@type":"Person","@id":"https:\/\/www.neufmois.fr\/les-confessions\/#\/schema\/person\/893fe127c653ae6741f53a67962f8b5d","name":"maman anonyme","image":{"@type":"ImageObject","inLanguage":"fr-FR","@id":"https:\/\/www.neufmois.fr\/les-confessions\/#\/schema\/person\/image\/","url":"https:\/\/secure.gravatar.com\/avatar\/e4b3abeefeb17983433f333a4c54f394?s=96&d=mm&r=g","contentUrl":"https:\/\/secure.gravatar.com\/avatar\/e4b3abeefeb17983433f333a4c54f394?s=96&d=mm&r=g","caption":"maman anonyme"},"url":"https:\/\/www.neufmois.fr\/les-confessions\/author\/anonyme"}]}},"amp_enabled":true,"_links":{"self":[{"href":"https:\/\/www.neufmois.fr\/les-confessions\/wp-json\/wp\/v2\/posts\/122"}],"collection":[{"href":"https:\/\/www.neufmois.fr\/les-confessions\/wp-json\/wp\/v2\/posts"}],"about":[{"href":"https:\/\/www.neufmois.fr\/les-confessions\/wp-json\/wp\/v2\/types\/post"}],"author":[{"embeddable":true,"href":"https:\/\/www.neufmois.fr\/les-confessions\/wp-json\/wp\/v2\/users\/461446"}],"replies":[{"embeddable":true,"href":"https:\/\/www.neufmois.fr\/les-confessions\/wp-json\/wp\/v2\/comments?post=122"}],"version-history":[{"count":0,"href":"https:\/\/www.neufmois.fr\/les-confessions\/wp-json\/wp\/v2\/posts\/122\/revisions"}],"wp:attachment":[{"href":"https:\/\/www.neufmois.fr\/les-confessions\/wp-json\/wp\/v2\/media?parent=122"}],"wp:term":[{"taxonomy":"category","embeddable":true,"href":"https:\/\/www.neufmois.fr\/les-confessions\/wp-json\/wp\/v2\/categories?post=122"},{"taxonomy":"post_tag","embeddable":true,"href":"https:\/\/www.neufmois.fr\/les-confessions\/wp-json\/wp\/v2\/tags?post=122"}],"curies":[{"name":"wp","href":"https:\/\/api.w.org\/{rel}","templated":true}]}}