{"id":121,"date":"2013-07-10T14:40:00","date_gmt":"2013-07-10T14:40:00","guid":{"rendered":"https:\/\/www.neufmois.fr\/les-confessions\/?p=121"},"modified":"2013-07-10T14:40:00","modified_gmt":"2013-07-10T14:40:00","slug":"ma-vie-est-trop-mouvementee","status":"publish","type":"post","link":"https:\/\/www.neufmois.fr\/les-confessions\/ma-vie-est-trop-mouvementee","title":{"rendered":"Ma vie est trop mouvement\u00e9e"},"content":{"rendered":"<p>Bonjour,<\/p>\n<p>j&rsquo;ai post\u00e9 il y a plusieurs semaines une confession concernant ma relation avec un coll\u00e8gue alors que j&rsquo;\u00e9tais en couple ou plut\u00f4t en fin de couple on se parlait plus depuis 2 mois on ne se voyait plus etc&#8230;<\/p>\n<p>Finalement, j&rsquo;ai stopp\u00e9 la relation avec mon copain car on avait des probl\u00e8mes impossibles \u00e0 resoudre et pour le coup je sors avec mon coll\u00e8gue. Tout se passe \u00e0 merveille mais il y a un nouveau PROBLEME. <\/p>\n<p>Je suis enceinte de mon coll\u00e8gue. C&rsquo;est juste grave quoi parce que je ne vais pas pouvoir le garder \u00e7a ne fait qu&rsquo;un mois qu&rsquo;on est ensemble je sors tout juste d&rsquo;une relation j&rsquo;ai d\u00e9ja une fille de 3 ans et lui un gars de 10 ans donc je sais \u00e0 quel point c&rsquo;est magique et magnifique d&rsquo;avoir un enfant. Je vais avorter sans lui dire quoi que ce soit mais je culpabilise grave car je me dis que c&rsquo;est injuste de retirer la vie \u00e0 ce petit b\u00e9b\u00e9 innocent c&rsquo;est injuste de le cacher a mon copain mais vraiment \u00e7a ne va pas \u00eatre possible je veux pas brusquer notre d\u00e9but de relation qui est parfait et puis je ne suis pas pr\u00eate du tout. Donc je suis perdue et en plus un avortement c&rsquo;est toujours angoissant&#8230; Je ne sais pas quoi faire je ne peux en parler \u00e0 personne car tout le monde va me juger mais bon le temps passe et pour avorter va falloir que je me presse c&rsquo;est HORRIBLE je pense qu&rsquo;avorter est la solution la plus raisonnable mais je ne sais pas tout sa me donne mal \u00e0 la t\u00eate.<\/p>\n","protected":false},"excerpt":{"rendered":"<p>Bonjour, j&rsquo;ai post\u00e9 il y a plusieurs semaines une confession concernant ma relation avec un coll\u00e8gue alors que j&rsquo;\u00e9tais en couple ou plut\u00f4t en fin de couple on se parlait plus depuis 2 mois on ne se voyait plus etc&#8230; Finalement, j&rsquo;ai stopp\u00e9 la relation avec mon copain car on avait des probl\u00e8mes impossibles \u00e0 resoudre et pour le coup je sors avec mon coll\u00e8gue. Tout se passe \u00e0 merveille mais il y a un nouveau PROBLEME. Je suis enceinte de mon coll\u00e8gue. C&rsquo;est juste grave quoi parce que je<\/p>\n","protected":false},"author":461446,"featured_media":0,"comment_status":"open","ping_status":"open","sticky":false,"template":"","format":"standard","meta":[],"categories":[1],"tags":[],"yoast_head":"<!-- This site is optimized with the Yoast SEO plugin v20.4 - https:\/\/yoast.com\/wordpress\/plugins\/seo\/ -->\n<title>Ma vie est trop mouvement\u00e9e - Les confessions<\/title>\n<meta name=\"robots\" content=\"index, follow, max-snippet:-1, max-image-preview:large, max-video-preview:-1\" \/>\n<link rel=\"canonical\" href=\"https:\/\/www.neufmois.fr\/les-confessions\/ma-vie-est-trop-mouvementee\" \/>\n<meta property=\"og:locale\" content=\"fr_FR\" \/>\n<meta property=\"og:type\" content=\"article\" \/>\n<meta property=\"og:title\" content=\"Ma vie est trop mouvement\u00e9e - Les confessions\" \/>\n<meta property=\"og:description\" content=\"Bonjour, j&rsquo;ai post\u00e9 il y a plusieurs semaines une confession concernant ma relation avec un coll\u00e8gue alors que j&rsquo;\u00e9tais en couple ou plut\u00f4t en fin de couple on se parlait plus depuis 2 mois on ne se voyait plus etc&#8230; Finalement, j&rsquo;ai stopp\u00e9 la relation avec mon copain car on avait des probl\u00e8mes impossibles \u00e0 resoudre et pour le coup je sors avec mon coll\u00e8gue. Tout se passe \u00e0 merveille mais il y a un nouveau PROBLEME. Je suis enceinte de mon coll\u00e8gue. C&rsquo;est juste grave quoi parce que je\" \/>\n<meta property=\"og:url\" content=\"https:\/\/www.neufmois.fr\/les-confessions\/ma-vie-est-trop-mouvementee\" \/>\n<meta property=\"og:site_name\" content=\"Les confessions\" \/>\n<meta property=\"article:published_time\" content=\"2013-07-10T14:40:00+00:00\" \/>\n<meta name=\"author\" content=\"maman anonyme\" \/>\n<meta name=\"twitter:card\" content=\"summary_large_image\" \/>\n<meta name=\"twitter:label1\" content=\"\u00c9crit par\" \/>\n\t<meta name=\"twitter:data1\" content=\"maman anonyme\" \/>\n\t<meta name=\"twitter:label2\" content=\"Dur\u00e9e de lecture estim\u00e9e\" \/>\n\t<meta name=\"twitter:data2\" content=\"1 minute\" \/>\n<script type=\"application\/ld+json\" class=\"yoast-schema-graph\">{\"@context\":\"https:\/\/schema.org\",\"@graph\":[{\"@type\":\"WebPage\",\"@id\":\"https:\/\/www.neufmois.fr\/les-confessions\/ma-vie-est-trop-mouvementee\",\"url\":\"https:\/\/www.neufmois.fr\/les-confessions\/ma-vie-est-trop-mouvementee\",\"name\":\"Ma vie est trop mouvement\u00e9e - Les confessions\",\"isPartOf\":{\"@id\":\"https:\/\/www.neufmois.fr\/les-confessions\/#website\"},\"datePublished\":\"2013-07-10T14:40:00+00:00\",\"dateModified\":\"2013-07-10T14:40:00+00:00\",\"author\":{\"@id\":\"https:\/\/www.neufmois.fr\/les-confessions\/#\/schema\/person\/893fe127c653ae6741f53a67962f8b5d\"},\"breadcrumb\":{\"@id\":\"https:\/\/www.neufmois.fr\/les-confessions\/ma-vie-est-trop-mouvementee#breadcrumb\"},\"inLanguage\":\"fr-FR\",\"potentialAction\":[{\"@type\":\"ReadAction\",\"target\":[\"https:\/\/www.neufmois.fr\/les-confessions\/ma-vie-est-trop-mouvementee\"]}]},{\"@type\":\"BreadcrumbList\",\"@id\":\"https:\/\/www.neufmois.fr\/les-confessions\/ma-vie-est-trop-mouvementee#breadcrumb\",\"itemListElement\":[{\"@type\":\"ListItem\",\"position\":1,\"name\":\"Accueil\",\"item\":\"https:\/\/www.neufmois.fr\/les-confessions\/\"},{\"@type\":\"ListItem\",\"position\":2,\"name\":\"Ma vie est trop mouvement\u00e9e\"}]},{\"@type\":\"WebSite\",\"@id\":\"https:\/\/www.neufmois.fr\/les-confessions\/#website\",\"url\":\"https:\/\/www.neufmois.fr\/les-confessions\/\",\"name\":\"Les confessions\",\"description\":\" Les confessions\",\"potentialAction\":[{\"@type\":\"SearchAction\",\"target\":{\"@type\":\"EntryPoint\",\"urlTemplate\":\"https:\/\/www.neufmois.fr\/les-confessions\/?s={search_term_string}\"},\"query-input\":\"required name=search_term_string\"}],\"inLanguage\":\"fr-FR\"},{\"@type\":\"Person\",\"@id\":\"https:\/\/www.neufmois.fr\/les-confessions\/#\/schema\/person\/893fe127c653ae6741f53a67962f8b5d\",\"name\":\"maman anonyme\",\"image\":{\"@type\":\"ImageObject\",\"inLanguage\":\"fr-FR\",\"@id\":\"https:\/\/www.neufmois.fr\/les-confessions\/#\/schema\/person\/image\/\",\"url\":\"https:\/\/secure.gravatar.com\/avatar\/e4b3abeefeb17983433f333a4c54f394?s=96&d=mm&r=g\",\"contentUrl\":\"https:\/\/secure.gravatar.com\/avatar\/e4b3abeefeb17983433f333a4c54f394?s=96&d=mm&r=g\",\"caption\":\"maman anonyme\"},\"url\":\"https:\/\/www.neufmois.fr\/les-confessions\/author\/anonyme\"}]}<\/script>\n<!-- \/ Yoast SEO plugin. -->","yoast_head_json":{"title":"Ma vie est trop mouvement\u00e9e - Les confessions","robots":{"index":"index","follow":"follow","max-snippet":"max-snippet:-1","max-image-preview":"max-image-preview:large","max-video-preview":"max-video-preview:-1"},"canonical":"https:\/\/www.neufmois.fr\/les-confessions\/ma-vie-est-trop-mouvementee","og_locale":"fr_FR","og_type":"article","og_title":"Ma vie est trop mouvement\u00e9e - Les confessions","og_description":"Bonjour, j&rsquo;ai post\u00e9 il y a plusieurs semaines une confession concernant ma relation avec un coll\u00e8gue alors que j&rsquo;\u00e9tais en couple ou plut\u00f4t en fin de couple on se parlait plus depuis 2 mois on ne se voyait plus etc&#8230; Finalement, j&rsquo;ai stopp\u00e9 la relation avec mon copain car on avait des probl\u00e8mes impossibles \u00e0 resoudre et pour le coup je sors avec mon coll\u00e8gue. Tout se passe \u00e0 merveille mais il y a un nouveau PROBLEME. Je suis enceinte de mon coll\u00e8gue. C&rsquo;est juste grave quoi parce que je","og_url":"https:\/\/www.neufmois.fr\/les-confessions\/ma-vie-est-trop-mouvementee","og_site_name":"Les confessions","article_published_time":"2013-07-10T14:40:00+00:00","author":"maman anonyme","twitter_card":"summary_large_image","twitter_misc":{"\u00c9crit par":"maman anonyme","Dur\u00e9e de lecture estim\u00e9e":"1 minute"},"schema":{"@context":"https:\/\/schema.org","@graph":[{"@type":"WebPage","@id":"https:\/\/www.neufmois.fr\/les-confessions\/ma-vie-est-trop-mouvementee","url":"https:\/\/www.neufmois.fr\/les-confessions\/ma-vie-est-trop-mouvementee","name":"Ma vie est trop mouvement\u00e9e - Les confessions","isPartOf":{"@id":"https:\/\/www.neufmois.fr\/les-confessions\/#website"},"datePublished":"2013-07-10T14:40:00+00:00","dateModified":"2013-07-10T14:40:00+00:00","author":{"@id":"https:\/\/www.neufmois.fr\/les-confessions\/#\/schema\/person\/893fe127c653ae6741f53a67962f8b5d"},"breadcrumb":{"@id":"https:\/\/www.neufmois.fr\/les-confessions\/ma-vie-est-trop-mouvementee#breadcrumb"},"inLanguage":"fr-FR","potentialAction":[{"@type":"ReadAction","target":["https:\/\/www.neufmois.fr\/les-confessions\/ma-vie-est-trop-mouvementee"]}]},{"@type":"BreadcrumbList","@id":"https:\/\/www.neufmois.fr\/les-confessions\/ma-vie-est-trop-mouvementee#breadcrumb","itemListElement":[{"@type":"ListItem","position":1,"name":"Accueil","item":"https:\/\/www.neufmois.fr\/les-confessions\/"},{"@type":"ListItem","position":2,"name":"Ma vie est trop mouvement\u00e9e"}]},{"@type":"WebSite","@id":"https:\/\/www.neufmois.fr\/les-confessions\/#website","url":"https:\/\/www.neufmois.fr\/les-confessions\/","name":"Les confessions","description":" Les confessions","potentialAction":[{"@type":"SearchAction","target":{"@type":"EntryPoint","urlTemplate":"https:\/\/www.neufmois.fr\/les-confessions\/?s={search_term_string}"},"query-input":"required name=search_term_string"}],"inLanguage":"fr-FR"},{"@type":"Person","@id":"https:\/\/www.neufmois.fr\/les-confessions\/#\/schema\/person\/893fe127c653ae6741f53a67962f8b5d","name":"maman anonyme","image":{"@type":"ImageObject","inLanguage":"fr-FR","@id":"https:\/\/www.neufmois.fr\/les-confessions\/#\/schema\/person\/image\/","url":"https:\/\/secure.gravatar.com\/avatar\/e4b3abeefeb17983433f333a4c54f394?s=96&d=mm&r=g","contentUrl":"https:\/\/secure.gravatar.com\/avatar\/e4b3abeefeb17983433f333a4c54f394?s=96&d=mm&r=g","caption":"maman anonyme"},"url":"https:\/\/www.neufmois.fr\/les-confessions\/author\/anonyme"}]}},"amp_enabled":true,"_links":{"self":[{"href":"https:\/\/www.neufmois.fr\/les-confessions\/wp-json\/wp\/v2\/posts\/121"}],"collection":[{"href":"https:\/\/www.neufmois.fr\/les-confessions\/wp-json\/wp\/v2\/posts"}],"about":[{"href":"https:\/\/www.neufmois.fr\/les-confessions\/wp-json\/wp\/v2\/types\/post"}],"author":[{"embeddable":true,"href":"https:\/\/www.neufmois.fr\/les-confessions\/wp-json\/wp\/v2\/users\/461446"}],"replies":[{"embeddable":true,"href":"https:\/\/www.neufmois.fr\/les-confessions\/wp-json\/wp\/v2\/comments?post=121"}],"version-history":[{"count":0,"href":"https:\/\/www.neufmois.fr\/les-confessions\/wp-json\/wp\/v2\/posts\/121\/revisions"}],"wp:attachment":[{"href":"https:\/\/www.neufmois.fr\/les-confessions\/wp-json\/wp\/v2\/media?parent=121"}],"wp:term":[{"taxonomy":"category","embeddable":true,"href":"https:\/\/www.neufmois.fr\/les-confessions\/wp-json\/wp\/v2\/categories?post=121"},{"taxonomy":"post_tag","embeddable":true,"href":"https:\/\/www.neufmois.fr\/les-confessions\/wp-json\/wp\/v2\/tags?post=121"}],"curies":[{"name":"wp","href":"https:\/\/api.w.org\/{rel}","templated":true}]}}