{"id":120,"date":"2013-07-11T09:43:00","date_gmt":"2013-07-11T09:43:00","guid":{"rendered":"https:\/\/www.neufmois.fr\/les-confessions\/?p=120"},"modified":"2013-07-11T09:43:00","modified_gmt":"2013-07-11T09:43:00","slug":"aidez-moi-a-areter-de-fumer","status":"publish","type":"post","link":"https:\/\/www.neufmois.fr\/les-confessions\/aidez-moi-a-areter-de-fumer","title":{"rendered":"Aidez-moi \u00e0 ar\u00eater de fumer"},"content":{"rendered":"<p>Bonjour, j&rsquo;ai toujours r\u00eaver de devenir maman. Mais voil\u00e0 je suis enceinte de deux mois et j&rsquo;ai du mal \u00e0 arr\u00eater de fumer. Lorsque j&rsquo;ai appris a grossesse je n&rsquo;\u00e9tais enceinte que de quinze jours \u00e0 peu pr\u00e8s et j&rsquo;ai bien r\u00e9duit de 20, je suis pass\u00e9 \u00e0 8 cigarettes par jour. J&rsquo;ai arr\u00eater le caf\u00e9 pour ne  pas \u00eatre tent\u00e9e par la cig. Je sais que fumer nuit \u00e0 la bonne sant\u00e9 de mon b\u00e9b\u00e9 et je m&rsquo;en veut et je culpabilise ! au d\u00e9but, je me suis patch\u00e9e mais je fumais \u00e0 peu pr\u00e8s cinq cigarettes ne voulant pas surdos\u00e9 la nicotine j&rsquo;ai arr\u00eater les patchs, j&rsquo;ai pris rdv avec une sage femme tabacologue ce sera le 16 juillet. je suis entour\u00e9e de fumeurs, mon conjoint fume pratiquement deux paquets par jours et m\u00eame si depuis que je suis enceinte nous fumons \u00e0 l&rsquo;ext\u00e9rieur, il ne se cache et ne se retiens pas du tout ce qui ne m&rsquo;aide pas, ma maman fume beaucoup elle aussi et comme nous travaillons en famille je suis tent\u00e9e lorsque je la voit. j&rsquo;esp\u00e8re vraiment que la sage femme va m&rsquo;aider. Si vous avez des  conseils je suis toute ou\u00efe. Merci<\/p>\n","protected":false},"excerpt":{"rendered":"<p>Bonjour, j&rsquo;ai toujours r\u00eaver de devenir maman. Mais voil\u00e0 je suis enceinte de deux mois et j&rsquo;ai du mal \u00e0 arr\u00eater de fumer. Lorsque j&rsquo;ai appris a grossesse je n&rsquo;\u00e9tais enceinte que de quinze jours \u00e0 peu pr\u00e8s et j&rsquo;ai bien r\u00e9duit de 20, je suis pass\u00e9 \u00e0 8 cigarettes par jour. J&rsquo;ai arr\u00eater le caf\u00e9 pour ne pas \u00eatre tent\u00e9e par la cig. Je sais que fumer nuit \u00e0 la bonne sant\u00e9 de mon b\u00e9b\u00e9 et je m&rsquo;en veut et je culpabilise ! au d\u00e9but, je me suis patch\u00e9e<\/p>\n","protected":false},"author":461446,"featured_media":0,"comment_status":"open","ping_status":"open","sticky":false,"template":"","format":"standard","meta":[],"categories":[1],"tags":[],"yoast_head":"<!-- This site is optimized with the Yoast SEO plugin v20.4 - https:\/\/yoast.com\/wordpress\/plugins\/seo\/ -->\n<title>Aidez-moi \u00e0 ar\u00eater de fumer - Les confessions<\/title>\n<meta name=\"robots\" content=\"index, follow, max-snippet:-1, max-image-preview:large, max-video-preview:-1\" \/>\n<link rel=\"canonical\" href=\"https:\/\/www.neufmois.fr\/les-confessions\/aidez-moi-a-areter-de-fumer\" \/>\n<meta property=\"og:locale\" content=\"fr_FR\" \/>\n<meta property=\"og:type\" content=\"article\" \/>\n<meta property=\"og:title\" content=\"Aidez-moi \u00e0 ar\u00eater de fumer - Les confessions\" \/>\n<meta property=\"og:description\" content=\"Bonjour, j&rsquo;ai toujours r\u00eaver de devenir maman. Mais voil\u00e0 je suis enceinte de deux mois et j&rsquo;ai du mal \u00e0 arr\u00eater de fumer. Lorsque j&rsquo;ai appris a grossesse je n&rsquo;\u00e9tais enceinte que de quinze jours \u00e0 peu pr\u00e8s et j&rsquo;ai bien r\u00e9duit de 20, je suis pass\u00e9 \u00e0 8 cigarettes par jour. J&rsquo;ai arr\u00eater le caf\u00e9 pour ne pas \u00eatre tent\u00e9e par la cig. Je sais que fumer nuit \u00e0 la bonne sant\u00e9 de mon b\u00e9b\u00e9 et je m&rsquo;en veut et je culpabilise ! au d\u00e9but, je me suis patch\u00e9e\" \/>\n<meta property=\"og:url\" content=\"https:\/\/www.neufmois.fr\/les-confessions\/aidez-moi-a-areter-de-fumer\" \/>\n<meta property=\"og:site_name\" content=\"Les confessions\" \/>\n<meta property=\"article:published_time\" content=\"2013-07-11T09:43:00+00:00\" \/>\n<meta name=\"author\" content=\"maman anonyme\" \/>\n<meta name=\"twitter:card\" content=\"summary_large_image\" \/>\n<meta name=\"twitter:label1\" content=\"\u00c9crit par\" \/>\n\t<meta name=\"twitter:data1\" content=\"maman anonyme\" \/>\n\t<meta name=\"twitter:label2\" content=\"Dur\u00e9e de lecture estim\u00e9e\" \/>\n\t<meta name=\"twitter:data2\" content=\"1 minute\" \/>\n<script type=\"application\/ld+json\" class=\"yoast-schema-graph\">{\"@context\":\"https:\/\/schema.org\",\"@graph\":[{\"@type\":\"WebPage\",\"@id\":\"https:\/\/www.neufmois.fr\/les-confessions\/aidez-moi-a-areter-de-fumer\",\"url\":\"https:\/\/www.neufmois.fr\/les-confessions\/aidez-moi-a-areter-de-fumer\",\"name\":\"Aidez-moi \u00e0 ar\u00eater de fumer - Les confessions\",\"isPartOf\":{\"@id\":\"https:\/\/www.neufmois.fr\/les-confessions\/#website\"},\"datePublished\":\"2013-07-11T09:43:00+00:00\",\"dateModified\":\"2013-07-11T09:43:00+00:00\",\"author\":{\"@id\":\"https:\/\/www.neufmois.fr\/les-confessions\/#\/schema\/person\/893fe127c653ae6741f53a67962f8b5d\"},\"breadcrumb\":{\"@id\":\"https:\/\/www.neufmois.fr\/les-confessions\/aidez-moi-a-areter-de-fumer#breadcrumb\"},\"inLanguage\":\"fr-FR\",\"potentialAction\":[{\"@type\":\"ReadAction\",\"target\":[\"https:\/\/www.neufmois.fr\/les-confessions\/aidez-moi-a-areter-de-fumer\"]}]},{\"@type\":\"BreadcrumbList\",\"@id\":\"https:\/\/www.neufmois.fr\/les-confessions\/aidez-moi-a-areter-de-fumer#breadcrumb\",\"itemListElement\":[{\"@type\":\"ListItem\",\"position\":1,\"name\":\"Accueil\",\"item\":\"https:\/\/www.neufmois.fr\/les-confessions\/\"},{\"@type\":\"ListItem\",\"position\":2,\"name\":\"Aidez-moi \u00e0 ar\u00eater de fumer\"}]},{\"@type\":\"WebSite\",\"@id\":\"https:\/\/www.neufmois.fr\/les-confessions\/#website\",\"url\":\"https:\/\/www.neufmois.fr\/les-confessions\/\",\"name\":\"Les confessions\",\"description\":\" Les confessions\",\"potentialAction\":[{\"@type\":\"SearchAction\",\"target\":{\"@type\":\"EntryPoint\",\"urlTemplate\":\"https:\/\/www.neufmois.fr\/les-confessions\/?s={search_term_string}\"},\"query-input\":\"required name=search_term_string\"}],\"inLanguage\":\"fr-FR\"},{\"@type\":\"Person\",\"@id\":\"https:\/\/www.neufmois.fr\/les-confessions\/#\/schema\/person\/893fe127c653ae6741f53a67962f8b5d\",\"name\":\"maman anonyme\",\"image\":{\"@type\":\"ImageObject\",\"inLanguage\":\"fr-FR\",\"@id\":\"https:\/\/www.neufmois.fr\/les-confessions\/#\/schema\/person\/image\/\",\"url\":\"https:\/\/secure.gravatar.com\/avatar\/e4b3abeefeb17983433f333a4c54f394?s=96&d=mm&r=g\",\"contentUrl\":\"https:\/\/secure.gravatar.com\/avatar\/e4b3abeefeb17983433f333a4c54f394?s=96&d=mm&r=g\",\"caption\":\"maman anonyme\"},\"url\":\"https:\/\/www.neufmois.fr\/les-confessions\/author\/anonyme\"}]}<\/script>\n<!-- \/ Yoast SEO plugin. -->","yoast_head_json":{"title":"Aidez-moi \u00e0 ar\u00eater de fumer - Les confessions","robots":{"index":"index","follow":"follow","max-snippet":"max-snippet:-1","max-image-preview":"max-image-preview:large","max-video-preview":"max-video-preview:-1"},"canonical":"https:\/\/www.neufmois.fr\/les-confessions\/aidez-moi-a-areter-de-fumer","og_locale":"fr_FR","og_type":"article","og_title":"Aidez-moi \u00e0 ar\u00eater de fumer - Les confessions","og_description":"Bonjour, j&rsquo;ai toujours r\u00eaver de devenir maman. Mais voil\u00e0 je suis enceinte de deux mois et j&rsquo;ai du mal \u00e0 arr\u00eater de fumer. Lorsque j&rsquo;ai appris a grossesse je n&rsquo;\u00e9tais enceinte que de quinze jours \u00e0 peu pr\u00e8s et j&rsquo;ai bien r\u00e9duit de 20, je suis pass\u00e9 \u00e0 8 cigarettes par jour. J&rsquo;ai arr\u00eater le caf\u00e9 pour ne pas \u00eatre tent\u00e9e par la cig. Je sais que fumer nuit \u00e0 la bonne sant\u00e9 de mon b\u00e9b\u00e9 et je m&rsquo;en veut et je culpabilise ! au d\u00e9but, je me suis patch\u00e9e","og_url":"https:\/\/www.neufmois.fr\/les-confessions\/aidez-moi-a-areter-de-fumer","og_site_name":"Les confessions","article_published_time":"2013-07-11T09:43:00+00:00","author":"maman anonyme","twitter_card":"summary_large_image","twitter_misc":{"\u00c9crit par":"maman anonyme","Dur\u00e9e de lecture estim\u00e9e":"1 minute"},"schema":{"@context":"https:\/\/schema.org","@graph":[{"@type":"WebPage","@id":"https:\/\/www.neufmois.fr\/les-confessions\/aidez-moi-a-areter-de-fumer","url":"https:\/\/www.neufmois.fr\/les-confessions\/aidez-moi-a-areter-de-fumer","name":"Aidez-moi \u00e0 ar\u00eater de fumer - Les confessions","isPartOf":{"@id":"https:\/\/www.neufmois.fr\/les-confessions\/#website"},"datePublished":"2013-07-11T09:43:00+00:00","dateModified":"2013-07-11T09:43:00+00:00","author":{"@id":"https:\/\/www.neufmois.fr\/les-confessions\/#\/schema\/person\/893fe127c653ae6741f53a67962f8b5d"},"breadcrumb":{"@id":"https:\/\/www.neufmois.fr\/les-confessions\/aidez-moi-a-areter-de-fumer#breadcrumb"},"inLanguage":"fr-FR","potentialAction":[{"@type":"ReadAction","target":["https:\/\/www.neufmois.fr\/les-confessions\/aidez-moi-a-areter-de-fumer"]}]},{"@type":"BreadcrumbList","@id":"https:\/\/www.neufmois.fr\/les-confessions\/aidez-moi-a-areter-de-fumer#breadcrumb","itemListElement":[{"@type":"ListItem","position":1,"name":"Accueil","item":"https:\/\/www.neufmois.fr\/les-confessions\/"},{"@type":"ListItem","position":2,"name":"Aidez-moi \u00e0 ar\u00eater de fumer"}]},{"@type":"WebSite","@id":"https:\/\/www.neufmois.fr\/les-confessions\/#website","url":"https:\/\/www.neufmois.fr\/les-confessions\/","name":"Les confessions","description":" Les confessions","potentialAction":[{"@type":"SearchAction","target":{"@type":"EntryPoint","urlTemplate":"https:\/\/www.neufmois.fr\/les-confessions\/?s={search_term_string}"},"query-input":"required name=search_term_string"}],"inLanguage":"fr-FR"},{"@type":"Person","@id":"https:\/\/www.neufmois.fr\/les-confessions\/#\/schema\/person\/893fe127c653ae6741f53a67962f8b5d","name":"maman anonyme","image":{"@type":"ImageObject","inLanguage":"fr-FR","@id":"https:\/\/www.neufmois.fr\/les-confessions\/#\/schema\/person\/image\/","url":"https:\/\/secure.gravatar.com\/avatar\/e4b3abeefeb17983433f333a4c54f394?s=96&d=mm&r=g","contentUrl":"https:\/\/secure.gravatar.com\/avatar\/e4b3abeefeb17983433f333a4c54f394?s=96&d=mm&r=g","caption":"maman anonyme"},"url":"https:\/\/www.neufmois.fr\/les-confessions\/author\/anonyme"}]}},"amp_enabled":true,"_links":{"self":[{"href":"https:\/\/www.neufmois.fr\/les-confessions\/wp-json\/wp\/v2\/posts\/120"}],"collection":[{"href":"https:\/\/www.neufmois.fr\/les-confessions\/wp-json\/wp\/v2\/posts"}],"about":[{"href":"https:\/\/www.neufmois.fr\/les-confessions\/wp-json\/wp\/v2\/types\/post"}],"author":[{"embeddable":true,"href":"https:\/\/www.neufmois.fr\/les-confessions\/wp-json\/wp\/v2\/users\/461446"}],"replies":[{"embeddable":true,"href":"https:\/\/www.neufmois.fr\/les-confessions\/wp-json\/wp\/v2\/comments?post=120"}],"version-history":[{"count":0,"href":"https:\/\/www.neufmois.fr\/les-confessions\/wp-json\/wp\/v2\/posts\/120\/revisions"}],"wp:attachment":[{"href":"https:\/\/www.neufmois.fr\/les-confessions\/wp-json\/wp\/v2\/media?parent=120"}],"wp:term":[{"taxonomy":"category","embeddable":true,"href":"https:\/\/www.neufmois.fr\/les-confessions\/wp-json\/wp\/v2\/categories?post=120"},{"taxonomy":"post_tag","embeddable":true,"href":"https:\/\/www.neufmois.fr\/les-confessions\/wp-json\/wp\/v2\/tags?post=120"}],"curies":[{"name":"wp","href":"https:\/\/api.w.org\/{rel}","templated":true}]}}