{"id":112,"date":"2013-09-09T00:10:00","date_gmt":"2013-09-09T00:10:00","guid":{"rendered":"https:\/\/www.neufmois.fr\/les-confessions\/?p=112"},"modified":"2013-09-09T00:10:00","modified_gmt":"2013-09-09T00:10:00","slug":"cancer-et-grossesse","status":"publish","type":"post","link":"https:\/\/www.neufmois.fr\/les-confessions\/cancer-et-grossesse","title":{"rendered":"cancer et grossesse"},"content":{"rendered":"<p>salut a tte, suis enceinte de 17 semaine et suis fumeuse .<br \/>\nj&rsquo;ai fait beaucoup d,effort avec le tabac, je fumais 10 a 11 cigarette par jour avant ma grossesse et maintenant je prend juqu&rsquo;a 4. mon soucie est que je sens ma poitrine lourde et une douleure qui traverse la poitrine vers le dos. suis tres inquiette pour ma sante et je me fais l&rsquo;idee d&rsquo;un cancer. pourtant je ne tousse pas ni meme essoufflee. ttes ces sensations se sont annoncees avec le debut de ma grossesse. s&rsquo;il y a un medecin parmis vous je veux savoir si on peut developer un cancer pendant la grossesse. merci et j&rsquo;ai besion de bcp de soutient moral,<\/p>\n","protected":false},"excerpt":{"rendered":"<p>salut a tte, suis enceinte de 17 semaine et suis fumeuse . j&rsquo;ai fait beaucoup d,effort avec le tabac, je fumais 10 a 11 cigarette par jour avant ma grossesse et maintenant je prend juqu&rsquo;a 4. mon soucie est que je sens ma poitrine lourde et une douleure qui traverse la poitrine vers le dos. suis tres inquiette pour ma sante et je me fais l&rsquo;idee d&rsquo;un cancer. pourtant je ne tousse pas ni meme essoufflee. ttes ces sensations se sont annoncees avec le debut de ma grossesse. s&rsquo;il y<\/p>\n","protected":false},"author":461446,"featured_media":0,"comment_status":"open","ping_status":"open","sticky":false,"template":"","format":"standard","meta":[],"categories":[1],"tags":[],"yoast_head":"<!-- This site is optimized with the Yoast SEO plugin v20.4 - https:\/\/yoast.com\/wordpress\/plugins\/seo\/ -->\n<title>cancer et grossesse - Les confessions<\/title>\n<meta name=\"robots\" content=\"index, follow, max-snippet:-1, max-image-preview:large, max-video-preview:-1\" \/>\n<link rel=\"canonical\" href=\"https:\/\/www.neufmois.fr\/les-confessions\/cancer-et-grossesse\" \/>\n<meta property=\"og:locale\" content=\"fr_FR\" \/>\n<meta property=\"og:type\" content=\"article\" \/>\n<meta property=\"og:title\" content=\"cancer et grossesse - Les confessions\" \/>\n<meta property=\"og:description\" content=\"salut a tte, suis enceinte de 17 semaine et suis fumeuse . j&rsquo;ai fait beaucoup d,effort avec le tabac, je fumais 10 a 11 cigarette par jour avant ma grossesse et maintenant je prend juqu&rsquo;a 4. mon soucie est que je sens ma poitrine lourde et une douleure qui traverse la poitrine vers le dos. suis tres inquiette pour ma sante et je me fais l&rsquo;idee d&rsquo;un cancer. pourtant je ne tousse pas ni meme essoufflee. ttes ces sensations se sont annoncees avec le debut de ma grossesse. s&rsquo;il y\" \/>\n<meta property=\"og:url\" content=\"https:\/\/www.neufmois.fr\/les-confessions\/cancer-et-grossesse\" \/>\n<meta property=\"og:site_name\" content=\"Les confessions\" \/>\n<meta property=\"article:published_time\" content=\"2013-09-09T00:10:00+00:00\" \/>\n<meta name=\"author\" content=\"maman anonyme\" \/>\n<meta name=\"twitter:card\" content=\"summary_large_image\" \/>\n<meta name=\"twitter:label1\" content=\"\u00c9crit par\" \/>\n\t<meta name=\"twitter:data1\" content=\"maman anonyme\" \/>\n\t<meta name=\"twitter:label2\" content=\"Dur\u00e9e de lecture estim\u00e9e\" \/>\n\t<meta name=\"twitter:data2\" content=\"1 minute\" \/>\n<script type=\"application\/ld+json\" class=\"yoast-schema-graph\">{\"@context\":\"https:\/\/schema.org\",\"@graph\":[{\"@type\":\"WebPage\",\"@id\":\"https:\/\/www.neufmois.fr\/les-confessions\/cancer-et-grossesse\",\"url\":\"https:\/\/www.neufmois.fr\/les-confessions\/cancer-et-grossesse\",\"name\":\"cancer et grossesse - Les confessions\",\"isPartOf\":{\"@id\":\"https:\/\/www.neufmois.fr\/les-confessions\/#website\"},\"datePublished\":\"2013-09-09T00:10:00+00:00\",\"dateModified\":\"2013-09-09T00:10:00+00:00\",\"author\":{\"@id\":\"https:\/\/www.neufmois.fr\/les-confessions\/#\/schema\/person\/893fe127c653ae6741f53a67962f8b5d\"},\"breadcrumb\":{\"@id\":\"https:\/\/www.neufmois.fr\/les-confessions\/cancer-et-grossesse#breadcrumb\"},\"inLanguage\":\"fr-FR\",\"potentialAction\":[{\"@type\":\"ReadAction\",\"target\":[\"https:\/\/www.neufmois.fr\/les-confessions\/cancer-et-grossesse\"]}]},{\"@type\":\"BreadcrumbList\",\"@id\":\"https:\/\/www.neufmois.fr\/les-confessions\/cancer-et-grossesse#breadcrumb\",\"itemListElement\":[{\"@type\":\"ListItem\",\"position\":1,\"name\":\"Accueil\",\"item\":\"https:\/\/www.neufmois.fr\/les-confessions\/\"},{\"@type\":\"ListItem\",\"position\":2,\"name\":\"cancer et grossesse\"}]},{\"@type\":\"WebSite\",\"@id\":\"https:\/\/www.neufmois.fr\/les-confessions\/#website\",\"url\":\"https:\/\/www.neufmois.fr\/les-confessions\/\",\"name\":\"Les confessions\",\"description\":\" Les confessions\",\"potentialAction\":[{\"@type\":\"SearchAction\",\"target\":{\"@type\":\"EntryPoint\",\"urlTemplate\":\"https:\/\/www.neufmois.fr\/les-confessions\/?s={search_term_string}\"},\"query-input\":\"required name=search_term_string\"}],\"inLanguage\":\"fr-FR\"},{\"@type\":\"Person\",\"@id\":\"https:\/\/www.neufmois.fr\/les-confessions\/#\/schema\/person\/893fe127c653ae6741f53a67962f8b5d\",\"name\":\"maman anonyme\",\"image\":{\"@type\":\"ImageObject\",\"inLanguage\":\"fr-FR\",\"@id\":\"https:\/\/www.neufmois.fr\/les-confessions\/#\/schema\/person\/image\/\",\"url\":\"https:\/\/secure.gravatar.com\/avatar\/e4b3abeefeb17983433f333a4c54f394?s=96&d=mm&r=g\",\"contentUrl\":\"https:\/\/secure.gravatar.com\/avatar\/e4b3abeefeb17983433f333a4c54f394?s=96&d=mm&r=g\",\"caption\":\"maman anonyme\"},\"url\":\"https:\/\/www.neufmois.fr\/les-confessions\/author\/anonyme\"}]}<\/script>\n<!-- \/ Yoast SEO plugin. -->","yoast_head_json":{"title":"cancer et grossesse - Les confessions","robots":{"index":"index","follow":"follow","max-snippet":"max-snippet:-1","max-image-preview":"max-image-preview:large","max-video-preview":"max-video-preview:-1"},"canonical":"https:\/\/www.neufmois.fr\/les-confessions\/cancer-et-grossesse","og_locale":"fr_FR","og_type":"article","og_title":"cancer et grossesse - Les confessions","og_description":"salut a tte, suis enceinte de 17 semaine et suis fumeuse . j&rsquo;ai fait beaucoup d,effort avec le tabac, je fumais 10 a 11 cigarette par jour avant ma grossesse et maintenant je prend juqu&rsquo;a 4. mon soucie est que je sens ma poitrine lourde et une douleure qui traverse la poitrine vers le dos. suis tres inquiette pour ma sante et je me fais l&rsquo;idee d&rsquo;un cancer. pourtant je ne tousse pas ni meme essoufflee. ttes ces sensations se sont annoncees avec le debut de ma grossesse. s&rsquo;il y","og_url":"https:\/\/www.neufmois.fr\/les-confessions\/cancer-et-grossesse","og_site_name":"Les confessions","article_published_time":"2013-09-09T00:10:00+00:00","author":"maman anonyme","twitter_card":"summary_large_image","twitter_misc":{"\u00c9crit par":"maman anonyme","Dur\u00e9e de lecture estim\u00e9e":"1 minute"},"schema":{"@context":"https:\/\/schema.org","@graph":[{"@type":"WebPage","@id":"https:\/\/www.neufmois.fr\/les-confessions\/cancer-et-grossesse","url":"https:\/\/www.neufmois.fr\/les-confessions\/cancer-et-grossesse","name":"cancer et grossesse - Les confessions","isPartOf":{"@id":"https:\/\/www.neufmois.fr\/les-confessions\/#website"},"datePublished":"2013-09-09T00:10:00+00:00","dateModified":"2013-09-09T00:10:00+00:00","author":{"@id":"https:\/\/www.neufmois.fr\/les-confessions\/#\/schema\/person\/893fe127c653ae6741f53a67962f8b5d"},"breadcrumb":{"@id":"https:\/\/www.neufmois.fr\/les-confessions\/cancer-et-grossesse#breadcrumb"},"inLanguage":"fr-FR","potentialAction":[{"@type":"ReadAction","target":["https:\/\/www.neufmois.fr\/les-confessions\/cancer-et-grossesse"]}]},{"@type":"BreadcrumbList","@id":"https:\/\/www.neufmois.fr\/les-confessions\/cancer-et-grossesse#breadcrumb","itemListElement":[{"@type":"ListItem","position":1,"name":"Accueil","item":"https:\/\/www.neufmois.fr\/les-confessions\/"},{"@type":"ListItem","position":2,"name":"cancer et grossesse"}]},{"@type":"WebSite","@id":"https:\/\/www.neufmois.fr\/les-confessions\/#website","url":"https:\/\/www.neufmois.fr\/les-confessions\/","name":"Les confessions","description":" Les confessions","potentialAction":[{"@type":"SearchAction","target":{"@type":"EntryPoint","urlTemplate":"https:\/\/www.neufmois.fr\/les-confessions\/?s={search_term_string}"},"query-input":"required name=search_term_string"}],"inLanguage":"fr-FR"},{"@type":"Person","@id":"https:\/\/www.neufmois.fr\/les-confessions\/#\/schema\/person\/893fe127c653ae6741f53a67962f8b5d","name":"maman anonyme","image":{"@type":"ImageObject","inLanguage":"fr-FR","@id":"https:\/\/www.neufmois.fr\/les-confessions\/#\/schema\/person\/image\/","url":"https:\/\/secure.gravatar.com\/avatar\/e4b3abeefeb17983433f333a4c54f394?s=96&d=mm&r=g","contentUrl":"https:\/\/secure.gravatar.com\/avatar\/e4b3abeefeb17983433f333a4c54f394?s=96&d=mm&r=g","caption":"maman anonyme"},"url":"https:\/\/www.neufmois.fr\/les-confessions\/author\/anonyme"}]}},"amp_enabled":true,"_links":{"self":[{"href":"https:\/\/www.neufmois.fr\/les-confessions\/wp-json\/wp\/v2\/posts\/112"}],"collection":[{"href":"https:\/\/www.neufmois.fr\/les-confessions\/wp-json\/wp\/v2\/posts"}],"about":[{"href":"https:\/\/www.neufmois.fr\/les-confessions\/wp-json\/wp\/v2\/types\/post"}],"author":[{"embeddable":true,"href":"https:\/\/www.neufmois.fr\/les-confessions\/wp-json\/wp\/v2\/users\/461446"}],"replies":[{"embeddable":true,"href":"https:\/\/www.neufmois.fr\/les-confessions\/wp-json\/wp\/v2\/comments?post=112"}],"version-history":[{"count":0,"href":"https:\/\/www.neufmois.fr\/les-confessions\/wp-json\/wp\/v2\/posts\/112\/revisions"}],"wp:attachment":[{"href":"https:\/\/www.neufmois.fr\/les-confessions\/wp-json\/wp\/v2\/media?parent=112"}],"wp:term":[{"taxonomy":"category","embeddable":true,"href":"https:\/\/www.neufmois.fr\/les-confessions\/wp-json\/wp\/v2\/categories?post=112"},{"taxonomy":"post_tag","embeddable":true,"href":"https:\/\/www.neufmois.fr\/les-confessions\/wp-json\/wp\/v2\/tags?post=112"}],"curies":[{"name":"wp","href":"https:\/\/api.w.org\/{rel}","templated":true}]}}