{"id":110,"date":"2013-09-21T21:19:00","date_gmt":"2013-09-21T21:19:00","guid":{"rendered":"https:\/\/www.neufmois.fr\/les-confessions\/?p=110"},"modified":"2013-09-21T21:19:00","modified_gmt":"2013-09-21T21:19:00","slug":"accro-a-lallaitement","status":"publish","type":"post","link":"https:\/\/www.neufmois.fr\/les-confessions\/accro-a-lallaitement","title":{"rendered":"Accro \u00e0 l&rsquo;allaitement"},"content":{"rendered":"<p>Bonjour,<br \/>\nj&rsquo;ai allait\u00e9 pendant un peu moins de 3 mois. J&rsquo;ai pris la d\u00e9cision d&rsquo;arr\u00eater suite aux gros probl\u00e8mes de sant\u00e9 d&rsquo;un de mes enfants. Cela fait maintenant plus de 6 mois que c&rsquo;est fini.<br \/>\nEn effet suite \u00e0 une l&rsquo;aggravation de la sant\u00e9 d&rsquo;un de mes gar\u00e7ons et bien entre les soucis, les journ\u00e9es \u00e0 l&rsquo;h\u00f4pital, cumul\u00e9 \u00e0 l&rsquo;\u00e9puisement quotidien avec mon autre fils et bien j&rsquo;ai du me r\u00e9soudre \u00e0 mettre un terme \u00e0 l&rsquo;allaitement.<br \/>\nAu d\u00e9part cette d\u00e9cision \u00e9tait claire dans ma t\u00eate, je n&rsquo;avais plus de force et j&rsquo;avais besoin d&rsquo;\u00e9nergie pour mes enfants. Mais maintenant et ce depuis d\u00e9j\u00e0 plusieurs mois, je souffre&#8230;<br \/>\nJe regrette d&rsquo;avoir arr\u00eat\u00e9 compl\u00e9tement. Je suis triste, j&rsquo;y pense jours et nuits. Mon moral est au plus bas&#8230;<br \/>\nJ&rsquo;ai lu un article sur la reprise de l&rsquo;allaitement apr\u00e8s une longue p\u00e9riode d&rsquo;arr\u00eats. J&rsquo;ai d\u00e9cid\u00e9 d&rsquo;essayer m\u00eame si je sais que mon b\u00e9b\u00e9 ne veux plus de mon sein! Je vais tenter de tirer mon lait et de reprendre (en sachant que quand je presse mon sein, il y a quelques gouttes de lait qui sortent). Je ne me r\u00e9sous pas \u00e0 l&rsquo;id\u00e9e de ne plus jamais pouvoir nourrir mon enfant au sein&#8230;<br \/>\nMerci de ne pas me juger&#8230; je vous confie ma d\u00e9tresse, je ne demande pas un avis mais un soutiens !<\/p>\n","protected":false},"excerpt":{"rendered":"<p>Bonjour, j&rsquo;ai allait\u00e9 pendant un peu moins de 3 mois. J&rsquo;ai pris la d\u00e9cision d&rsquo;arr\u00eater suite aux gros probl\u00e8mes de sant\u00e9 d&rsquo;un de mes enfants. Cela fait maintenant plus de 6 mois que c&rsquo;est fini. En effet suite \u00e0 une l&rsquo;aggravation de la sant\u00e9 d&rsquo;un de mes gar\u00e7ons et bien entre les soucis, les journ\u00e9es \u00e0 l&rsquo;h\u00f4pital, cumul\u00e9 \u00e0 l&rsquo;\u00e9puisement quotidien avec mon autre fils et bien j&rsquo;ai du me r\u00e9soudre \u00e0 mettre un terme \u00e0 l&rsquo;allaitement. Au d\u00e9part cette d\u00e9cision \u00e9tait claire dans ma t\u00eate, je n&rsquo;avais plus de<\/p>\n","protected":false},"author":461446,"featured_media":0,"comment_status":"open","ping_status":"open","sticky":false,"template":"","format":"standard","meta":[],"categories":[1],"tags":[],"yoast_head":"<!-- This site is optimized with the Yoast SEO plugin v20.4 - https:\/\/yoast.com\/wordpress\/plugins\/seo\/ -->\n<title>Accro \u00e0 l&#039;allaitement - Les confessions<\/title>\n<meta name=\"robots\" content=\"index, follow, max-snippet:-1, max-image-preview:large, max-video-preview:-1\" \/>\n<link rel=\"canonical\" href=\"https:\/\/www.neufmois.fr\/les-confessions\/accro-a-lallaitement\" \/>\n<meta property=\"og:locale\" content=\"fr_FR\" \/>\n<meta property=\"og:type\" content=\"article\" \/>\n<meta property=\"og:title\" content=\"Accro \u00e0 l&#039;allaitement - Les confessions\" \/>\n<meta property=\"og:description\" content=\"Bonjour, j&rsquo;ai allait\u00e9 pendant un peu moins de 3 mois. J&rsquo;ai pris la d\u00e9cision d&rsquo;arr\u00eater suite aux gros probl\u00e8mes de sant\u00e9 d&rsquo;un de mes enfants. Cela fait maintenant plus de 6 mois que c&rsquo;est fini. En effet suite \u00e0 une l&rsquo;aggravation de la sant\u00e9 d&rsquo;un de mes gar\u00e7ons et bien entre les soucis, les journ\u00e9es \u00e0 l&rsquo;h\u00f4pital, cumul\u00e9 \u00e0 l&rsquo;\u00e9puisement quotidien avec mon autre fils et bien j&rsquo;ai du me r\u00e9soudre \u00e0 mettre un terme \u00e0 l&rsquo;allaitement. Au d\u00e9part cette d\u00e9cision \u00e9tait claire dans ma t\u00eate, je n&rsquo;avais plus de\" \/>\n<meta property=\"og:url\" content=\"https:\/\/www.neufmois.fr\/les-confessions\/accro-a-lallaitement\" \/>\n<meta property=\"og:site_name\" content=\"Les confessions\" \/>\n<meta property=\"article:published_time\" content=\"2013-09-21T21:19:00+00:00\" \/>\n<meta name=\"author\" content=\"maman anonyme\" \/>\n<meta name=\"twitter:card\" content=\"summary_large_image\" \/>\n<meta name=\"twitter:label1\" content=\"\u00c9crit par\" \/>\n\t<meta name=\"twitter:data1\" content=\"maman anonyme\" \/>\n\t<meta name=\"twitter:label2\" content=\"Dur\u00e9e de lecture estim\u00e9e\" \/>\n\t<meta name=\"twitter:data2\" content=\"1 minute\" \/>\n<script type=\"application\/ld+json\" class=\"yoast-schema-graph\">{\"@context\":\"https:\/\/schema.org\",\"@graph\":[{\"@type\":\"WebPage\",\"@id\":\"https:\/\/www.neufmois.fr\/les-confessions\/accro-a-lallaitement\",\"url\":\"https:\/\/www.neufmois.fr\/les-confessions\/accro-a-lallaitement\",\"name\":\"Accro \u00e0 l'allaitement - Les confessions\",\"isPartOf\":{\"@id\":\"https:\/\/www.neufmois.fr\/les-confessions\/#website\"},\"datePublished\":\"2013-09-21T21:19:00+00:00\",\"dateModified\":\"2013-09-21T21:19:00+00:00\",\"author\":{\"@id\":\"https:\/\/www.neufmois.fr\/les-confessions\/#\/schema\/person\/893fe127c653ae6741f53a67962f8b5d\"},\"breadcrumb\":{\"@id\":\"https:\/\/www.neufmois.fr\/les-confessions\/accro-a-lallaitement#breadcrumb\"},\"inLanguage\":\"fr-FR\",\"potentialAction\":[{\"@type\":\"ReadAction\",\"target\":[\"https:\/\/www.neufmois.fr\/les-confessions\/accro-a-lallaitement\"]}]},{\"@type\":\"BreadcrumbList\",\"@id\":\"https:\/\/www.neufmois.fr\/les-confessions\/accro-a-lallaitement#breadcrumb\",\"itemListElement\":[{\"@type\":\"ListItem\",\"position\":1,\"name\":\"Accueil\",\"item\":\"https:\/\/www.neufmois.fr\/les-confessions\/\"},{\"@type\":\"ListItem\",\"position\":2,\"name\":\"Accro \u00e0 l&rsquo;allaitement\"}]},{\"@type\":\"WebSite\",\"@id\":\"https:\/\/www.neufmois.fr\/les-confessions\/#website\",\"url\":\"https:\/\/www.neufmois.fr\/les-confessions\/\",\"name\":\"Les confessions\",\"description\":\" Les confessions\",\"potentialAction\":[{\"@type\":\"SearchAction\",\"target\":{\"@type\":\"EntryPoint\",\"urlTemplate\":\"https:\/\/www.neufmois.fr\/les-confessions\/?s={search_term_string}\"},\"query-input\":\"required name=search_term_string\"}],\"inLanguage\":\"fr-FR\"},{\"@type\":\"Person\",\"@id\":\"https:\/\/www.neufmois.fr\/les-confessions\/#\/schema\/person\/893fe127c653ae6741f53a67962f8b5d\",\"name\":\"maman anonyme\",\"image\":{\"@type\":\"ImageObject\",\"inLanguage\":\"fr-FR\",\"@id\":\"https:\/\/www.neufmois.fr\/les-confessions\/#\/schema\/person\/image\/\",\"url\":\"https:\/\/secure.gravatar.com\/avatar\/e4b3abeefeb17983433f333a4c54f394?s=96&d=mm&r=g\",\"contentUrl\":\"https:\/\/secure.gravatar.com\/avatar\/e4b3abeefeb17983433f333a4c54f394?s=96&d=mm&r=g\",\"caption\":\"maman anonyme\"},\"url\":\"https:\/\/www.neufmois.fr\/les-confessions\/author\/anonyme\"}]}<\/script>\n<!-- \/ Yoast SEO plugin. -->","yoast_head_json":{"title":"Accro \u00e0 l'allaitement - Les confessions","robots":{"index":"index","follow":"follow","max-snippet":"max-snippet:-1","max-image-preview":"max-image-preview:large","max-video-preview":"max-video-preview:-1"},"canonical":"https:\/\/www.neufmois.fr\/les-confessions\/accro-a-lallaitement","og_locale":"fr_FR","og_type":"article","og_title":"Accro \u00e0 l'allaitement - Les confessions","og_description":"Bonjour, j&rsquo;ai allait\u00e9 pendant un peu moins de 3 mois. J&rsquo;ai pris la d\u00e9cision d&rsquo;arr\u00eater suite aux gros probl\u00e8mes de sant\u00e9 d&rsquo;un de mes enfants. Cela fait maintenant plus de 6 mois que c&rsquo;est fini. En effet suite \u00e0 une l&rsquo;aggravation de la sant\u00e9 d&rsquo;un de mes gar\u00e7ons et bien entre les soucis, les journ\u00e9es \u00e0 l&rsquo;h\u00f4pital, cumul\u00e9 \u00e0 l&rsquo;\u00e9puisement quotidien avec mon autre fils et bien j&rsquo;ai du me r\u00e9soudre \u00e0 mettre un terme \u00e0 l&rsquo;allaitement. Au d\u00e9part cette d\u00e9cision \u00e9tait claire dans ma t\u00eate, je n&rsquo;avais plus de","og_url":"https:\/\/www.neufmois.fr\/les-confessions\/accro-a-lallaitement","og_site_name":"Les confessions","article_published_time":"2013-09-21T21:19:00+00:00","author":"maman anonyme","twitter_card":"summary_large_image","twitter_misc":{"\u00c9crit par":"maman anonyme","Dur\u00e9e de lecture estim\u00e9e":"1 minute"},"schema":{"@context":"https:\/\/schema.org","@graph":[{"@type":"WebPage","@id":"https:\/\/www.neufmois.fr\/les-confessions\/accro-a-lallaitement","url":"https:\/\/www.neufmois.fr\/les-confessions\/accro-a-lallaitement","name":"Accro \u00e0 l'allaitement - Les confessions","isPartOf":{"@id":"https:\/\/www.neufmois.fr\/les-confessions\/#website"},"datePublished":"2013-09-21T21:19:00+00:00","dateModified":"2013-09-21T21:19:00+00:00","author":{"@id":"https:\/\/www.neufmois.fr\/les-confessions\/#\/schema\/person\/893fe127c653ae6741f53a67962f8b5d"},"breadcrumb":{"@id":"https:\/\/www.neufmois.fr\/les-confessions\/accro-a-lallaitement#breadcrumb"},"inLanguage":"fr-FR","potentialAction":[{"@type":"ReadAction","target":["https:\/\/www.neufmois.fr\/les-confessions\/accro-a-lallaitement"]}]},{"@type":"BreadcrumbList","@id":"https:\/\/www.neufmois.fr\/les-confessions\/accro-a-lallaitement#breadcrumb","itemListElement":[{"@type":"ListItem","position":1,"name":"Accueil","item":"https:\/\/www.neufmois.fr\/les-confessions\/"},{"@type":"ListItem","position":2,"name":"Accro \u00e0 l&rsquo;allaitement"}]},{"@type":"WebSite","@id":"https:\/\/www.neufmois.fr\/les-confessions\/#website","url":"https:\/\/www.neufmois.fr\/les-confessions\/","name":"Les confessions","description":" Les confessions","potentialAction":[{"@type":"SearchAction","target":{"@type":"EntryPoint","urlTemplate":"https:\/\/www.neufmois.fr\/les-confessions\/?s={search_term_string}"},"query-input":"required name=search_term_string"}],"inLanguage":"fr-FR"},{"@type":"Person","@id":"https:\/\/www.neufmois.fr\/les-confessions\/#\/schema\/person\/893fe127c653ae6741f53a67962f8b5d","name":"maman anonyme","image":{"@type":"ImageObject","inLanguage":"fr-FR","@id":"https:\/\/www.neufmois.fr\/les-confessions\/#\/schema\/person\/image\/","url":"https:\/\/secure.gravatar.com\/avatar\/e4b3abeefeb17983433f333a4c54f394?s=96&d=mm&r=g","contentUrl":"https:\/\/secure.gravatar.com\/avatar\/e4b3abeefeb17983433f333a4c54f394?s=96&d=mm&r=g","caption":"maman anonyme"},"url":"https:\/\/www.neufmois.fr\/les-confessions\/author\/anonyme"}]}},"amp_enabled":true,"_links":{"self":[{"href":"https:\/\/www.neufmois.fr\/les-confessions\/wp-json\/wp\/v2\/posts\/110"}],"collection":[{"href":"https:\/\/www.neufmois.fr\/les-confessions\/wp-json\/wp\/v2\/posts"}],"about":[{"href":"https:\/\/www.neufmois.fr\/les-confessions\/wp-json\/wp\/v2\/types\/post"}],"author":[{"embeddable":true,"href":"https:\/\/www.neufmois.fr\/les-confessions\/wp-json\/wp\/v2\/users\/461446"}],"replies":[{"embeddable":true,"href":"https:\/\/www.neufmois.fr\/les-confessions\/wp-json\/wp\/v2\/comments?post=110"}],"version-history":[{"count":0,"href":"https:\/\/www.neufmois.fr\/les-confessions\/wp-json\/wp\/v2\/posts\/110\/revisions"}],"wp:attachment":[{"href":"https:\/\/www.neufmois.fr\/les-confessions\/wp-json\/wp\/v2\/media?parent=110"}],"wp:term":[{"taxonomy":"category","embeddable":true,"href":"https:\/\/www.neufmois.fr\/les-confessions\/wp-json\/wp\/v2\/categories?post=110"},{"taxonomy":"post_tag","embeddable":true,"href":"https:\/\/www.neufmois.fr\/les-confessions\/wp-json\/wp\/v2\/tags?post=110"}],"curies":[{"name":"wp","href":"https:\/\/api.w.org\/{rel}","templated":true}]}}