{"id":109,"date":"2013-09-25T01:30:00","date_gmt":"2013-09-25T01:30:00","guid":{"rendered":"https:\/\/www.neufmois.fr\/les-confessions\/?p=109"},"modified":"2013-09-25T01:30:00","modified_gmt":"2013-09-25T01:30:00","slug":"convulsion-febrile-chez-bebe","status":"publish","type":"post","link":"https:\/\/www.neufmois.fr\/les-confessions\/convulsion-febrile-chez-bebe","title":{"rendered":"convulsion f\u00e9brile chez b\u00e9b\u00e9"},"content":{"rendered":"<p>bonjour,<br \/>\nmaman d&rsquo;un petit gar\u00e7on de 13 mois qui fait des convulsions depuis 1 mois (2 hospitalisations) cause de basse et forte fi\u00e8vre brusque. Je suis entrain de soliciter des m\u00e9decins (mon generaliste, neurologue) pour essayer de comprendre. En parall\u00e8le j&rsquo;ai d\u00e9cid\u00e9 de l&#8217;emmener chez un ostheopathe car il a aussi des troubles du sommeil et est tr\u00e8s nerveux depuis sa naissance, je pense que \u00e7a pourrait le soulager.<br \/>\nJe souhaiterais partager ces moments d\u00e9licats avec d&rsquo;autres parents ayant eu un v\u00e9cu similaire et si possible avoir des r\u00e9ponses sur ce trouble inqui\u00e9tant.<br \/>\nmerci \u00e0 vous<br \/>\n\u00e0 bient\u00f4t<\/p>\n","protected":false},"excerpt":{"rendered":"<p>bonjour, maman d&rsquo;un petit gar\u00e7on de 13 mois qui fait des convulsions depuis 1 mois (2 hospitalisations) cause de basse et forte fi\u00e8vre brusque. Je suis entrain de soliciter des m\u00e9decins (mon generaliste, neurologue) pour essayer de comprendre. En parall\u00e8le j&rsquo;ai d\u00e9cid\u00e9 de l&#8217;emmener chez un ostheopathe car il a aussi des troubles du sommeil et est tr\u00e8s nerveux depuis sa naissance, je pense que \u00e7a pourrait le soulager. Je souhaiterais partager ces moments d\u00e9licats avec d&rsquo;autres parents ayant eu un v\u00e9cu similaire et si possible avoir des r\u00e9ponses sur<\/p>\n","protected":false},"author":461446,"featured_media":0,"comment_status":"open","ping_status":"open","sticky":false,"template":"","format":"standard","meta":[],"categories":[1],"tags":[],"yoast_head":"<!-- This site is optimized with the Yoast SEO plugin v20.4 - https:\/\/yoast.com\/wordpress\/plugins\/seo\/ -->\n<title>convulsion f\u00e9brile chez b\u00e9b\u00e9 - Les confessions<\/title>\n<meta name=\"robots\" content=\"index, follow, max-snippet:-1, max-image-preview:large, max-video-preview:-1\" \/>\n<link rel=\"canonical\" href=\"https:\/\/www.neufmois.fr\/les-confessions\/convulsion-febrile-chez-bebe\" \/>\n<meta property=\"og:locale\" content=\"fr_FR\" \/>\n<meta property=\"og:type\" content=\"article\" \/>\n<meta property=\"og:title\" content=\"convulsion f\u00e9brile chez b\u00e9b\u00e9 - Les confessions\" \/>\n<meta property=\"og:description\" content=\"bonjour, maman d&rsquo;un petit gar\u00e7on de 13 mois qui fait des convulsions depuis 1 mois (2 hospitalisations) cause de basse et forte fi\u00e8vre brusque. Je suis entrain de soliciter des m\u00e9decins (mon generaliste, neurologue) pour essayer de comprendre. En parall\u00e8le j&rsquo;ai d\u00e9cid\u00e9 de l&#8217;emmener chez un ostheopathe car il a aussi des troubles du sommeil et est tr\u00e8s nerveux depuis sa naissance, je pense que \u00e7a pourrait le soulager. Je souhaiterais partager ces moments d\u00e9licats avec d&rsquo;autres parents ayant eu un v\u00e9cu similaire et si possible avoir des r\u00e9ponses sur\" \/>\n<meta property=\"og:url\" content=\"https:\/\/www.neufmois.fr\/les-confessions\/convulsion-febrile-chez-bebe\" \/>\n<meta property=\"og:site_name\" content=\"Les confessions\" \/>\n<meta property=\"article:published_time\" content=\"2013-09-25T01:30:00+00:00\" \/>\n<meta name=\"author\" content=\"maman anonyme\" \/>\n<meta name=\"twitter:card\" content=\"summary_large_image\" \/>\n<meta name=\"twitter:label1\" content=\"\u00c9crit par\" \/>\n\t<meta name=\"twitter:data1\" content=\"maman anonyme\" \/>\n\t<meta name=\"twitter:label2\" content=\"Dur\u00e9e de lecture estim\u00e9e\" \/>\n\t<meta name=\"twitter:data2\" content=\"1 minute\" \/>\n<script type=\"application\/ld+json\" class=\"yoast-schema-graph\">{\"@context\":\"https:\/\/schema.org\",\"@graph\":[{\"@type\":\"WebPage\",\"@id\":\"https:\/\/www.neufmois.fr\/les-confessions\/convulsion-febrile-chez-bebe\",\"url\":\"https:\/\/www.neufmois.fr\/les-confessions\/convulsion-febrile-chez-bebe\",\"name\":\"convulsion f\u00e9brile chez b\u00e9b\u00e9 - Les confessions\",\"isPartOf\":{\"@id\":\"https:\/\/www.neufmois.fr\/les-confessions\/#website\"},\"datePublished\":\"2013-09-25T01:30:00+00:00\",\"dateModified\":\"2013-09-25T01:30:00+00:00\",\"author\":{\"@id\":\"https:\/\/www.neufmois.fr\/les-confessions\/#\/schema\/person\/893fe127c653ae6741f53a67962f8b5d\"},\"breadcrumb\":{\"@id\":\"https:\/\/www.neufmois.fr\/les-confessions\/convulsion-febrile-chez-bebe#breadcrumb\"},\"inLanguage\":\"fr-FR\",\"potentialAction\":[{\"@type\":\"ReadAction\",\"target\":[\"https:\/\/www.neufmois.fr\/les-confessions\/convulsion-febrile-chez-bebe\"]}]},{\"@type\":\"BreadcrumbList\",\"@id\":\"https:\/\/www.neufmois.fr\/les-confessions\/convulsion-febrile-chez-bebe#breadcrumb\",\"itemListElement\":[{\"@type\":\"ListItem\",\"position\":1,\"name\":\"Accueil\",\"item\":\"https:\/\/www.neufmois.fr\/les-confessions\/\"},{\"@type\":\"ListItem\",\"position\":2,\"name\":\"convulsion f\u00e9brile chez b\u00e9b\u00e9\"}]},{\"@type\":\"WebSite\",\"@id\":\"https:\/\/www.neufmois.fr\/les-confessions\/#website\",\"url\":\"https:\/\/www.neufmois.fr\/les-confessions\/\",\"name\":\"Les confessions\",\"description\":\" Les confessions\",\"potentialAction\":[{\"@type\":\"SearchAction\",\"target\":{\"@type\":\"EntryPoint\",\"urlTemplate\":\"https:\/\/www.neufmois.fr\/les-confessions\/?s={search_term_string}\"},\"query-input\":\"required name=search_term_string\"}],\"inLanguage\":\"fr-FR\"},{\"@type\":\"Person\",\"@id\":\"https:\/\/www.neufmois.fr\/les-confessions\/#\/schema\/person\/893fe127c653ae6741f53a67962f8b5d\",\"name\":\"maman anonyme\",\"image\":{\"@type\":\"ImageObject\",\"inLanguage\":\"fr-FR\",\"@id\":\"https:\/\/www.neufmois.fr\/les-confessions\/#\/schema\/person\/image\/\",\"url\":\"https:\/\/secure.gravatar.com\/avatar\/e4b3abeefeb17983433f333a4c54f394?s=96&d=mm&r=g\",\"contentUrl\":\"https:\/\/secure.gravatar.com\/avatar\/e4b3abeefeb17983433f333a4c54f394?s=96&d=mm&r=g\",\"caption\":\"maman anonyme\"},\"url\":\"https:\/\/www.neufmois.fr\/les-confessions\/author\/anonyme\"}]}<\/script>\n<!-- \/ Yoast SEO plugin. -->","yoast_head_json":{"title":"convulsion f\u00e9brile chez b\u00e9b\u00e9 - Les confessions","robots":{"index":"index","follow":"follow","max-snippet":"max-snippet:-1","max-image-preview":"max-image-preview:large","max-video-preview":"max-video-preview:-1"},"canonical":"https:\/\/www.neufmois.fr\/les-confessions\/convulsion-febrile-chez-bebe","og_locale":"fr_FR","og_type":"article","og_title":"convulsion f\u00e9brile chez b\u00e9b\u00e9 - Les confessions","og_description":"bonjour, maman d&rsquo;un petit gar\u00e7on de 13 mois qui fait des convulsions depuis 1 mois (2 hospitalisations) cause de basse et forte fi\u00e8vre brusque. Je suis entrain de soliciter des m\u00e9decins (mon generaliste, neurologue) pour essayer de comprendre. En parall\u00e8le j&rsquo;ai d\u00e9cid\u00e9 de l&#8217;emmener chez un ostheopathe car il a aussi des troubles du sommeil et est tr\u00e8s nerveux depuis sa naissance, je pense que \u00e7a pourrait le soulager. Je souhaiterais partager ces moments d\u00e9licats avec d&rsquo;autres parents ayant eu un v\u00e9cu similaire et si possible avoir des r\u00e9ponses sur","og_url":"https:\/\/www.neufmois.fr\/les-confessions\/convulsion-febrile-chez-bebe","og_site_name":"Les confessions","article_published_time":"2013-09-25T01:30:00+00:00","author":"maman anonyme","twitter_card":"summary_large_image","twitter_misc":{"\u00c9crit par":"maman anonyme","Dur\u00e9e de lecture estim\u00e9e":"1 minute"},"schema":{"@context":"https:\/\/schema.org","@graph":[{"@type":"WebPage","@id":"https:\/\/www.neufmois.fr\/les-confessions\/convulsion-febrile-chez-bebe","url":"https:\/\/www.neufmois.fr\/les-confessions\/convulsion-febrile-chez-bebe","name":"convulsion f\u00e9brile chez b\u00e9b\u00e9 - Les confessions","isPartOf":{"@id":"https:\/\/www.neufmois.fr\/les-confessions\/#website"},"datePublished":"2013-09-25T01:30:00+00:00","dateModified":"2013-09-25T01:30:00+00:00","author":{"@id":"https:\/\/www.neufmois.fr\/les-confessions\/#\/schema\/person\/893fe127c653ae6741f53a67962f8b5d"},"breadcrumb":{"@id":"https:\/\/www.neufmois.fr\/les-confessions\/convulsion-febrile-chez-bebe#breadcrumb"},"inLanguage":"fr-FR","potentialAction":[{"@type":"ReadAction","target":["https:\/\/www.neufmois.fr\/les-confessions\/convulsion-febrile-chez-bebe"]}]},{"@type":"BreadcrumbList","@id":"https:\/\/www.neufmois.fr\/les-confessions\/convulsion-febrile-chez-bebe#breadcrumb","itemListElement":[{"@type":"ListItem","position":1,"name":"Accueil","item":"https:\/\/www.neufmois.fr\/les-confessions\/"},{"@type":"ListItem","position":2,"name":"convulsion f\u00e9brile chez b\u00e9b\u00e9"}]},{"@type":"WebSite","@id":"https:\/\/www.neufmois.fr\/les-confessions\/#website","url":"https:\/\/www.neufmois.fr\/les-confessions\/","name":"Les confessions","description":" Les confessions","potentialAction":[{"@type":"SearchAction","target":{"@type":"EntryPoint","urlTemplate":"https:\/\/www.neufmois.fr\/les-confessions\/?s={search_term_string}"},"query-input":"required name=search_term_string"}],"inLanguage":"fr-FR"},{"@type":"Person","@id":"https:\/\/www.neufmois.fr\/les-confessions\/#\/schema\/person\/893fe127c653ae6741f53a67962f8b5d","name":"maman anonyme","image":{"@type":"ImageObject","inLanguage":"fr-FR","@id":"https:\/\/www.neufmois.fr\/les-confessions\/#\/schema\/person\/image\/","url":"https:\/\/secure.gravatar.com\/avatar\/e4b3abeefeb17983433f333a4c54f394?s=96&d=mm&r=g","contentUrl":"https:\/\/secure.gravatar.com\/avatar\/e4b3abeefeb17983433f333a4c54f394?s=96&d=mm&r=g","caption":"maman anonyme"},"url":"https:\/\/www.neufmois.fr\/les-confessions\/author\/anonyme"}]}},"amp_enabled":true,"_links":{"self":[{"href":"https:\/\/www.neufmois.fr\/les-confessions\/wp-json\/wp\/v2\/posts\/109"}],"collection":[{"href":"https:\/\/www.neufmois.fr\/les-confessions\/wp-json\/wp\/v2\/posts"}],"about":[{"href":"https:\/\/www.neufmois.fr\/les-confessions\/wp-json\/wp\/v2\/types\/post"}],"author":[{"embeddable":true,"href":"https:\/\/www.neufmois.fr\/les-confessions\/wp-json\/wp\/v2\/users\/461446"}],"replies":[{"embeddable":true,"href":"https:\/\/www.neufmois.fr\/les-confessions\/wp-json\/wp\/v2\/comments?post=109"}],"version-history":[{"count":0,"href":"https:\/\/www.neufmois.fr\/les-confessions\/wp-json\/wp\/v2\/posts\/109\/revisions"}],"wp:attachment":[{"href":"https:\/\/www.neufmois.fr\/les-confessions\/wp-json\/wp\/v2\/media?parent=109"}],"wp:term":[{"taxonomy":"category","embeddable":true,"href":"https:\/\/www.neufmois.fr\/les-confessions\/wp-json\/wp\/v2\/categories?post=109"},{"taxonomy":"post_tag","embeddable":true,"href":"https:\/\/www.neufmois.fr\/les-confessions\/wp-json\/wp\/v2\/tags?post=109"}],"curies":[{"name":"wp","href":"https:\/\/api.w.org\/{rel}","templated":true}]}}