{"id":108,"date":"2013-09-25T22:23:00","date_gmt":"2013-09-25T22:23:00","guid":{"rendered":"https:\/\/www.neufmois.fr\/les-confessions\/?p=108"},"modified":"2013-09-25T22:23:00","modified_gmt":"2013-09-25T22:23:00","slug":"plus-de-desir-plus-de-communication-que-faire-partir","status":"publish","type":"post","link":"https:\/\/www.neufmois.fr\/les-confessions\/plus-de-desir-plus-de-communication-que-faire-partir","title":{"rendered":"Plus de d\u00e9sir, plus de communication, que faire? partir?"},"content":{"rendered":"<p>Je suis avec lui depuis 10 ans on vis ensemble depuis 7 ans en famille recompos\u00e9, je ne m&rsquo;entends pas avec sa grande de 15 ans et lui avec mon grand de 12 ans, et nous avons un gar\u00e7on ensemble de 4 ans.<br \/>\nJe suis parti l&rsquo;ann\u00e9e derni\u00e8re pendant un mois, puis j&rsquo;ai replong\u00e9 dans dans ses bras et ses belles promesses qui bien sur ne tiens toujours pas, mais la je d\u00e9prime, je ne supporte plus les disputes pour les enfants, il n&rsquo;arr\u00eate pas de faire des r\u00e9flexions sur mon gar\u00e7on ou sur moi, il n&rsquo;y a que ses enfants qui sont bien le mien est nul et bon a rien.<br \/>\nJ&rsquo;ai encore essay\u00e9 de lui parl\u00e9 mais j&rsquo;ai l&rsquo;impression que se que je dis rentre d&rsquo;un cot\u00e9 et ressort par l&rsquo;autre. Maintenant je baisse les bras j&rsquo;en ai assez de me brattre contre du vent. Je ne supporte plus de demander un bisous ou juste d&rsquo;\u00eatre enlass\u00e9 sans avoir une r\u00e9flexion, j&rsquo;ai impression qu&rsquo;il a besoin d&rsquo;une bonne et de pouvoir se soulag\u00e9 quand il en a envie.Je m&rsquo;aper\u00e7ois que je n&rsquo;ai plus envie de lui, que la rupture n&rsquo;est pas loin, le seul probl\u00e8me c&rsquo;est notre petit gar\u00e7on.<br \/>\nAlors que reste t il a faire? Partir? Comment? <\/p>\n","protected":false},"excerpt":{"rendered":"<p>Je suis avec lui depuis 10 ans on vis ensemble depuis 7 ans en famille recompos\u00e9, je ne m&rsquo;entends pas avec sa grande de 15 ans et lui avec mon grand de 12 ans, et nous avons un gar\u00e7on ensemble de 4 ans. Je suis parti l&rsquo;ann\u00e9e derni\u00e8re pendant un mois, puis j&rsquo;ai replong\u00e9 dans dans ses bras et ses belles promesses qui bien sur ne tiens toujours pas, mais la je d\u00e9prime, je ne supporte plus les disputes pour les enfants, il n&rsquo;arr\u00eate pas de faire des r\u00e9flexions sur<\/p>\n","protected":false},"author":461446,"featured_media":0,"comment_status":"open","ping_status":"open","sticky":false,"template":"","format":"standard","meta":[],"categories":[1],"tags":[],"yoast_head":"<!-- This site is optimized with the Yoast SEO plugin v20.4 - https:\/\/yoast.com\/wordpress\/plugins\/seo\/ -->\n<title>Plus de d\u00e9sir, plus de communication, que faire? partir? - Les confessions<\/title>\n<meta name=\"robots\" content=\"index, follow, max-snippet:-1, max-image-preview:large, max-video-preview:-1\" \/>\n<link rel=\"canonical\" href=\"https:\/\/www.neufmois.fr\/les-confessions\/plus-de-desir-plus-de-communication-que-faire-partir\" \/>\n<meta property=\"og:locale\" content=\"fr_FR\" \/>\n<meta property=\"og:type\" content=\"article\" \/>\n<meta property=\"og:title\" content=\"Plus de d\u00e9sir, plus de communication, que faire? partir? - Les confessions\" \/>\n<meta property=\"og:description\" content=\"Je suis avec lui depuis 10 ans on vis ensemble depuis 7 ans en famille recompos\u00e9, je ne m&rsquo;entends pas avec sa grande de 15 ans et lui avec mon grand de 12 ans, et nous avons un gar\u00e7on ensemble de 4 ans. Je suis parti l&rsquo;ann\u00e9e derni\u00e8re pendant un mois, puis j&rsquo;ai replong\u00e9 dans dans ses bras et ses belles promesses qui bien sur ne tiens toujours pas, mais la je d\u00e9prime, je ne supporte plus les disputes pour les enfants, il n&rsquo;arr\u00eate pas de faire des r\u00e9flexions sur\" \/>\n<meta property=\"og:url\" content=\"https:\/\/www.neufmois.fr\/les-confessions\/plus-de-desir-plus-de-communication-que-faire-partir\" \/>\n<meta property=\"og:site_name\" content=\"Les confessions\" \/>\n<meta property=\"article:published_time\" content=\"2013-09-25T22:23:00+00:00\" \/>\n<meta name=\"author\" content=\"maman anonyme\" \/>\n<meta name=\"twitter:card\" content=\"summary_large_image\" \/>\n<meta name=\"twitter:label1\" content=\"\u00c9crit par\" \/>\n\t<meta name=\"twitter:data1\" content=\"maman anonyme\" \/>\n\t<meta name=\"twitter:label2\" content=\"Dur\u00e9e de lecture estim\u00e9e\" \/>\n\t<meta name=\"twitter:data2\" content=\"1 minute\" \/>\n<script type=\"application\/ld+json\" class=\"yoast-schema-graph\">{\"@context\":\"https:\/\/schema.org\",\"@graph\":[{\"@type\":\"WebPage\",\"@id\":\"https:\/\/www.neufmois.fr\/les-confessions\/plus-de-desir-plus-de-communication-que-faire-partir\",\"url\":\"https:\/\/www.neufmois.fr\/les-confessions\/plus-de-desir-plus-de-communication-que-faire-partir\",\"name\":\"Plus de d\u00e9sir, plus de communication, que faire? partir? - Les confessions\",\"isPartOf\":{\"@id\":\"https:\/\/www.neufmois.fr\/les-confessions\/#website\"},\"datePublished\":\"2013-09-25T22:23:00+00:00\",\"dateModified\":\"2013-09-25T22:23:00+00:00\",\"author\":{\"@id\":\"https:\/\/www.neufmois.fr\/les-confessions\/#\/schema\/person\/893fe127c653ae6741f53a67962f8b5d\"},\"breadcrumb\":{\"@id\":\"https:\/\/www.neufmois.fr\/les-confessions\/plus-de-desir-plus-de-communication-que-faire-partir#breadcrumb\"},\"inLanguage\":\"fr-FR\",\"potentialAction\":[{\"@type\":\"ReadAction\",\"target\":[\"https:\/\/www.neufmois.fr\/les-confessions\/plus-de-desir-plus-de-communication-que-faire-partir\"]}]},{\"@type\":\"BreadcrumbList\",\"@id\":\"https:\/\/www.neufmois.fr\/les-confessions\/plus-de-desir-plus-de-communication-que-faire-partir#breadcrumb\",\"itemListElement\":[{\"@type\":\"ListItem\",\"position\":1,\"name\":\"Accueil\",\"item\":\"https:\/\/www.neufmois.fr\/les-confessions\/\"},{\"@type\":\"ListItem\",\"position\":2,\"name\":\"Plus de d\u00e9sir, plus de communication, que faire? partir?\"}]},{\"@type\":\"WebSite\",\"@id\":\"https:\/\/www.neufmois.fr\/les-confessions\/#website\",\"url\":\"https:\/\/www.neufmois.fr\/les-confessions\/\",\"name\":\"Les confessions\",\"description\":\" Les confessions\",\"potentialAction\":[{\"@type\":\"SearchAction\",\"target\":{\"@type\":\"EntryPoint\",\"urlTemplate\":\"https:\/\/www.neufmois.fr\/les-confessions\/?s={search_term_string}\"},\"query-input\":\"required name=search_term_string\"}],\"inLanguage\":\"fr-FR\"},{\"@type\":\"Person\",\"@id\":\"https:\/\/www.neufmois.fr\/les-confessions\/#\/schema\/person\/893fe127c653ae6741f53a67962f8b5d\",\"name\":\"maman anonyme\",\"image\":{\"@type\":\"ImageObject\",\"inLanguage\":\"fr-FR\",\"@id\":\"https:\/\/www.neufmois.fr\/les-confessions\/#\/schema\/person\/image\/\",\"url\":\"https:\/\/secure.gravatar.com\/avatar\/e4b3abeefeb17983433f333a4c54f394?s=96&d=mm&r=g\",\"contentUrl\":\"https:\/\/secure.gravatar.com\/avatar\/e4b3abeefeb17983433f333a4c54f394?s=96&d=mm&r=g\",\"caption\":\"maman anonyme\"},\"url\":\"https:\/\/www.neufmois.fr\/les-confessions\/author\/anonyme\"}]}<\/script>\n<!-- \/ Yoast SEO plugin. -->","yoast_head_json":{"title":"Plus de d\u00e9sir, plus de communication, que faire? partir? - Les confessions","robots":{"index":"index","follow":"follow","max-snippet":"max-snippet:-1","max-image-preview":"max-image-preview:large","max-video-preview":"max-video-preview:-1"},"canonical":"https:\/\/www.neufmois.fr\/les-confessions\/plus-de-desir-plus-de-communication-que-faire-partir","og_locale":"fr_FR","og_type":"article","og_title":"Plus de d\u00e9sir, plus de communication, que faire? partir? - Les confessions","og_description":"Je suis avec lui depuis 10 ans on vis ensemble depuis 7 ans en famille recompos\u00e9, je ne m&rsquo;entends pas avec sa grande de 15 ans et lui avec mon grand de 12 ans, et nous avons un gar\u00e7on ensemble de 4 ans. Je suis parti l&rsquo;ann\u00e9e derni\u00e8re pendant un mois, puis j&rsquo;ai replong\u00e9 dans dans ses bras et ses belles promesses qui bien sur ne tiens toujours pas, mais la je d\u00e9prime, je ne supporte plus les disputes pour les enfants, il n&rsquo;arr\u00eate pas de faire des r\u00e9flexions sur","og_url":"https:\/\/www.neufmois.fr\/les-confessions\/plus-de-desir-plus-de-communication-que-faire-partir","og_site_name":"Les confessions","article_published_time":"2013-09-25T22:23:00+00:00","author":"maman anonyme","twitter_card":"summary_large_image","twitter_misc":{"\u00c9crit par":"maman anonyme","Dur\u00e9e de lecture estim\u00e9e":"1 minute"},"schema":{"@context":"https:\/\/schema.org","@graph":[{"@type":"WebPage","@id":"https:\/\/www.neufmois.fr\/les-confessions\/plus-de-desir-plus-de-communication-que-faire-partir","url":"https:\/\/www.neufmois.fr\/les-confessions\/plus-de-desir-plus-de-communication-que-faire-partir","name":"Plus de d\u00e9sir, plus de communication, que faire? partir? - Les confessions","isPartOf":{"@id":"https:\/\/www.neufmois.fr\/les-confessions\/#website"},"datePublished":"2013-09-25T22:23:00+00:00","dateModified":"2013-09-25T22:23:00+00:00","author":{"@id":"https:\/\/www.neufmois.fr\/les-confessions\/#\/schema\/person\/893fe127c653ae6741f53a67962f8b5d"},"breadcrumb":{"@id":"https:\/\/www.neufmois.fr\/les-confessions\/plus-de-desir-plus-de-communication-que-faire-partir#breadcrumb"},"inLanguage":"fr-FR","potentialAction":[{"@type":"ReadAction","target":["https:\/\/www.neufmois.fr\/les-confessions\/plus-de-desir-plus-de-communication-que-faire-partir"]}]},{"@type":"BreadcrumbList","@id":"https:\/\/www.neufmois.fr\/les-confessions\/plus-de-desir-plus-de-communication-que-faire-partir#breadcrumb","itemListElement":[{"@type":"ListItem","position":1,"name":"Accueil","item":"https:\/\/www.neufmois.fr\/les-confessions\/"},{"@type":"ListItem","position":2,"name":"Plus de d\u00e9sir, plus de communication, que faire? partir?"}]},{"@type":"WebSite","@id":"https:\/\/www.neufmois.fr\/les-confessions\/#website","url":"https:\/\/www.neufmois.fr\/les-confessions\/","name":"Les confessions","description":" Les confessions","potentialAction":[{"@type":"SearchAction","target":{"@type":"EntryPoint","urlTemplate":"https:\/\/www.neufmois.fr\/les-confessions\/?s={search_term_string}"},"query-input":"required name=search_term_string"}],"inLanguage":"fr-FR"},{"@type":"Person","@id":"https:\/\/www.neufmois.fr\/les-confessions\/#\/schema\/person\/893fe127c653ae6741f53a67962f8b5d","name":"maman anonyme","image":{"@type":"ImageObject","inLanguage":"fr-FR","@id":"https:\/\/www.neufmois.fr\/les-confessions\/#\/schema\/person\/image\/","url":"https:\/\/secure.gravatar.com\/avatar\/e4b3abeefeb17983433f333a4c54f394?s=96&d=mm&r=g","contentUrl":"https:\/\/secure.gravatar.com\/avatar\/e4b3abeefeb17983433f333a4c54f394?s=96&d=mm&r=g","caption":"maman anonyme"},"url":"https:\/\/www.neufmois.fr\/les-confessions\/author\/anonyme"}]}},"amp_enabled":true,"_links":{"self":[{"href":"https:\/\/www.neufmois.fr\/les-confessions\/wp-json\/wp\/v2\/posts\/108"}],"collection":[{"href":"https:\/\/www.neufmois.fr\/les-confessions\/wp-json\/wp\/v2\/posts"}],"about":[{"href":"https:\/\/www.neufmois.fr\/les-confessions\/wp-json\/wp\/v2\/types\/post"}],"author":[{"embeddable":true,"href":"https:\/\/www.neufmois.fr\/les-confessions\/wp-json\/wp\/v2\/users\/461446"}],"replies":[{"embeddable":true,"href":"https:\/\/www.neufmois.fr\/les-confessions\/wp-json\/wp\/v2\/comments?post=108"}],"version-history":[{"count":0,"href":"https:\/\/www.neufmois.fr\/les-confessions\/wp-json\/wp\/v2\/posts\/108\/revisions"}],"wp:attachment":[{"href":"https:\/\/www.neufmois.fr\/les-confessions\/wp-json\/wp\/v2\/media?parent=108"}],"wp:term":[{"taxonomy":"category","embeddable":true,"href":"https:\/\/www.neufmois.fr\/les-confessions\/wp-json\/wp\/v2\/categories?post=108"},{"taxonomy":"post_tag","embeddable":true,"href":"https:\/\/www.neufmois.fr\/les-confessions\/wp-json\/wp\/v2\/tags?post=108"}],"curies":[{"name":"wp","href":"https:\/\/api.w.org\/{rel}","templated":true}]}}