{"id":107,"date":"2013-09-27T10:40:00","date_gmt":"2013-09-27T10:40:00","guid":{"rendered":"https:\/\/www.neufmois.fr\/les-confessions\/?p=107"},"modified":"2013-09-27T10:40:00","modified_gmt":"2013-09-27T10:40:00","slug":"je-suis-enceinte-et-jallaite","status":"publish","type":"post","link":"https:\/\/www.neufmois.fr\/les-confessions\/je-suis-enceinte-et-jallaite","title":{"rendered":"Je suis enceinte et j&rsquo;allaite!"},"content":{"rendered":"<p>Voila, j&rsquo;allaite ma petite princesse de 17 mois qui ne veut pas d\u00e9crocher du sein, du moins elle t\u00e8te seulement avant de s&rsquo;endormir ou de faire sa sieste de l&rsquo;apr\u00e8s midi.<\/p>\n<p>J&rsquo;ai r\u00e9ussit \u00e0 faire sevrer avec des bib quand elle avait 9mois, mais le soucis c&rsquo;est que je suis enceinte et j&rsquo;h\u00e9site \u00e0 arr\u00eater l&rsquo;allaitement car j&rsquo;ai aussi un objectif c&rsquo;est d&rsquo;atteint ces 24 mois pour lui arr\u00eatera totalement le sein.<\/p>\n<p>Voila, je c&rsquo;est plus sur quel pied danser car on me dit que je vais \u00eatre tr\u00e8s fatigu\u00e9 et aussi qu&rsquo;il y \u00e0 aucune contradiction d&rsquo;allaiter en m\u00eame temps que la grossesse, car je me dit que si j&rsquo;ai tenu jusqu&rsquo;ici je peu continuer..<br \/>\nmais quand b\u00e9b\u00e9 sera l\u00e0 c&rsquo;est une autre histoire..<\/p>\n<p>J&rsquo;aimerais avoir des t\u00e9moignages des mamans qui on eu le courage d&rsquo;allaiter en m\u00eame temps que la grossesse et m\u00eame apr\u00e8s&#8230;<\/p>\n<p>Merci.<\/p>\n","protected":false},"excerpt":{"rendered":"<p>Voila, j&rsquo;allaite ma petite princesse de 17 mois qui ne veut pas d\u00e9crocher du sein, du moins elle t\u00e8te seulement avant de s&rsquo;endormir ou de faire sa sieste de l&rsquo;apr\u00e8s midi. J&rsquo;ai r\u00e9ussit \u00e0 faire sevrer avec des bib quand elle avait 9mois, mais le soucis c&rsquo;est que je suis enceinte et j&rsquo;h\u00e9site \u00e0 arr\u00eater l&rsquo;allaitement car j&rsquo;ai aussi un objectif c&rsquo;est d&rsquo;atteint ces 24 mois pour lui arr\u00eatera totalement le sein. Voila, je c&rsquo;est plus sur quel pied danser car on me dit que je vais \u00eatre tr\u00e8s fatigu\u00e9<\/p>\n","protected":false},"author":461446,"featured_media":0,"comment_status":"open","ping_status":"open","sticky":false,"template":"","format":"standard","meta":[],"categories":[1],"tags":[],"yoast_head":"<!-- This site is optimized with the Yoast SEO plugin v20.4 - https:\/\/yoast.com\/wordpress\/plugins\/seo\/ -->\n<title>Je suis enceinte et j&#039;allaite! - Les confessions<\/title>\n<meta name=\"robots\" content=\"index, follow, max-snippet:-1, max-image-preview:large, max-video-preview:-1\" \/>\n<link rel=\"canonical\" href=\"https:\/\/www.neufmois.fr\/les-confessions\/je-suis-enceinte-et-jallaite\" \/>\n<meta property=\"og:locale\" content=\"fr_FR\" \/>\n<meta property=\"og:type\" content=\"article\" \/>\n<meta property=\"og:title\" content=\"Je suis enceinte et j&#039;allaite! - Les confessions\" \/>\n<meta property=\"og:description\" content=\"Voila, j&rsquo;allaite ma petite princesse de 17 mois qui ne veut pas d\u00e9crocher du sein, du moins elle t\u00e8te seulement avant de s&rsquo;endormir ou de faire sa sieste de l&rsquo;apr\u00e8s midi. J&rsquo;ai r\u00e9ussit \u00e0 faire sevrer avec des bib quand elle avait 9mois, mais le soucis c&rsquo;est que je suis enceinte et j&rsquo;h\u00e9site \u00e0 arr\u00eater l&rsquo;allaitement car j&rsquo;ai aussi un objectif c&rsquo;est d&rsquo;atteint ces 24 mois pour lui arr\u00eatera totalement le sein. Voila, je c&rsquo;est plus sur quel pied danser car on me dit que je vais \u00eatre tr\u00e8s fatigu\u00e9\" \/>\n<meta property=\"og:url\" content=\"https:\/\/www.neufmois.fr\/les-confessions\/je-suis-enceinte-et-jallaite\" \/>\n<meta property=\"og:site_name\" content=\"Les confessions\" \/>\n<meta property=\"article:published_time\" content=\"2013-09-27T10:40:00+00:00\" \/>\n<meta name=\"author\" content=\"maman anonyme\" \/>\n<meta name=\"twitter:card\" content=\"summary_large_image\" \/>\n<meta name=\"twitter:label1\" content=\"\u00c9crit par\" \/>\n\t<meta name=\"twitter:data1\" content=\"maman anonyme\" \/>\n\t<meta name=\"twitter:label2\" content=\"Dur\u00e9e de lecture estim\u00e9e\" \/>\n\t<meta name=\"twitter:data2\" content=\"1 minute\" \/>\n<script type=\"application\/ld+json\" class=\"yoast-schema-graph\">{\"@context\":\"https:\/\/schema.org\",\"@graph\":[{\"@type\":\"WebPage\",\"@id\":\"https:\/\/www.neufmois.fr\/les-confessions\/je-suis-enceinte-et-jallaite\",\"url\":\"https:\/\/www.neufmois.fr\/les-confessions\/je-suis-enceinte-et-jallaite\",\"name\":\"Je suis enceinte et j'allaite! - Les confessions\",\"isPartOf\":{\"@id\":\"https:\/\/www.neufmois.fr\/les-confessions\/#website\"},\"datePublished\":\"2013-09-27T10:40:00+00:00\",\"dateModified\":\"2013-09-27T10:40:00+00:00\",\"author\":{\"@id\":\"https:\/\/www.neufmois.fr\/les-confessions\/#\/schema\/person\/893fe127c653ae6741f53a67962f8b5d\"},\"breadcrumb\":{\"@id\":\"https:\/\/www.neufmois.fr\/les-confessions\/je-suis-enceinte-et-jallaite#breadcrumb\"},\"inLanguage\":\"fr-FR\",\"potentialAction\":[{\"@type\":\"ReadAction\",\"target\":[\"https:\/\/www.neufmois.fr\/les-confessions\/je-suis-enceinte-et-jallaite\"]}]},{\"@type\":\"BreadcrumbList\",\"@id\":\"https:\/\/www.neufmois.fr\/les-confessions\/je-suis-enceinte-et-jallaite#breadcrumb\",\"itemListElement\":[{\"@type\":\"ListItem\",\"position\":1,\"name\":\"Accueil\",\"item\":\"https:\/\/www.neufmois.fr\/les-confessions\/\"},{\"@type\":\"ListItem\",\"position\":2,\"name\":\"Je suis enceinte et j&rsquo;allaite!\"}]},{\"@type\":\"WebSite\",\"@id\":\"https:\/\/www.neufmois.fr\/les-confessions\/#website\",\"url\":\"https:\/\/www.neufmois.fr\/les-confessions\/\",\"name\":\"Les confessions\",\"description\":\" Les confessions\",\"potentialAction\":[{\"@type\":\"SearchAction\",\"target\":{\"@type\":\"EntryPoint\",\"urlTemplate\":\"https:\/\/www.neufmois.fr\/les-confessions\/?s={search_term_string}\"},\"query-input\":\"required name=search_term_string\"}],\"inLanguage\":\"fr-FR\"},{\"@type\":\"Person\",\"@id\":\"https:\/\/www.neufmois.fr\/les-confessions\/#\/schema\/person\/893fe127c653ae6741f53a67962f8b5d\",\"name\":\"maman anonyme\",\"image\":{\"@type\":\"ImageObject\",\"inLanguage\":\"fr-FR\",\"@id\":\"https:\/\/www.neufmois.fr\/les-confessions\/#\/schema\/person\/image\/\",\"url\":\"https:\/\/secure.gravatar.com\/avatar\/e4b3abeefeb17983433f333a4c54f394?s=96&d=mm&r=g\",\"contentUrl\":\"https:\/\/secure.gravatar.com\/avatar\/e4b3abeefeb17983433f333a4c54f394?s=96&d=mm&r=g\",\"caption\":\"maman anonyme\"},\"url\":\"https:\/\/www.neufmois.fr\/les-confessions\/author\/anonyme\"}]}<\/script>\n<!-- \/ Yoast SEO plugin. -->","yoast_head_json":{"title":"Je suis enceinte et j'allaite! - Les confessions","robots":{"index":"index","follow":"follow","max-snippet":"max-snippet:-1","max-image-preview":"max-image-preview:large","max-video-preview":"max-video-preview:-1"},"canonical":"https:\/\/www.neufmois.fr\/les-confessions\/je-suis-enceinte-et-jallaite","og_locale":"fr_FR","og_type":"article","og_title":"Je suis enceinte et j'allaite! - Les confessions","og_description":"Voila, j&rsquo;allaite ma petite princesse de 17 mois qui ne veut pas d\u00e9crocher du sein, du moins elle t\u00e8te seulement avant de s&rsquo;endormir ou de faire sa sieste de l&rsquo;apr\u00e8s midi. J&rsquo;ai r\u00e9ussit \u00e0 faire sevrer avec des bib quand elle avait 9mois, mais le soucis c&rsquo;est que je suis enceinte et j&rsquo;h\u00e9site \u00e0 arr\u00eater l&rsquo;allaitement car j&rsquo;ai aussi un objectif c&rsquo;est d&rsquo;atteint ces 24 mois pour lui arr\u00eatera totalement le sein. Voila, je c&rsquo;est plus sur quel pied danser car on me dit que je vais \u00eatre tr\u00e8s fatigu\u00e9","og_url":"https:\/\/www.neufmois.fr\/les-confessions\/je-suis-enceinte-et-jallaite","og_site_name":"Les confessions","article_published_time":"2013-09-27T10:40:00+00:00","author":"maman anonyme","twitter_card":"summary_large_image","twitter_misc":{"\u00c9crit par":"maman anonyme","Dur\u00e9e de lecture estim\u00e9e":"1 minute"},"schema":{"@context":"https:\/\/schema.org","@graph":[{"@type":"WebPage","@id":"https:\/\/www.neufmois.fr\/les-confessions\/je-suis-enceinte-et-jallaite","url":"https:\/\/www.neufmois.fr\/les-confessions\/je-suis-enceinte-et-jallaite","name":"Je suis enceinte et j'allaite! - Les confessions","isPartOf":{"@id":"https:\/\/www.neufmois.fr\/les-confessions\/#website"},"datePublished":"2013-09-27T10:40:00+00:00","dateModified":"2013-09-27T10:40:00+00:00","author":{"@id":"https:\/\/www.neufmois.fr\/les-confessions\/#\/schema\/person\/893fe127c653ae6741f53a67962f8b5d"},"breadcrumb":{"@id":"https:\/\/www.neufmois.fr\/les-confessions\/je-suis-enceinte-et-jallaite#breadcrumb"},"inLanguage":"fr-FR","potentialAction":[{"@type":"ReadAction","target":["https:\/\/www.neufmois.fr\/les-confessions\/je-suis-enceinte-et-jallaite"]}]},{"@type":"BreadcrumbList","@id":"https:\/\/www.neufmois.fr\/les-confessions\/je-suis-enceinte-et-jallaite#breadcrumb","itemListElement":[{"@type":"ListItem","position":1,"name":"Accueil","item":"https:\/\/www.neufmois.fr\/les-confessions\/"},{"@type":"ListItem","position":2,"name":"Je suis enceinte et j&rsquo;allaite!"}]},{"@type":"WebSite","@id":"https:\/\/www.neufmois.fr\/les-confessions\/#website","url":"https:\/\/www.neufmois.fr\/les-confessions\/","name":"Les confessions","description":" Les confessions","potentialAction":[{"@type":"SearchAction","target":{"@type":"EntryPoint","urlTemplate":"https:\/\/www.neufmois.fr\/les-confessions\/?s={search_term_string}"},"query-input":"required name=search_term_string"}],"inLanguage":"fr-FR"},{"@type":"Person","@id":"https:\/\/www.neufmois.fr\/les-confessions\/#\/schema\/person\/893fe127c653ae6741f53a67962f8b5d","name":"maman anonyme","image":{"@type":"ImageObject","inLanguage":"fr-FR","@id":"https:\/\/www.neufmois.fr\/les-confessions\/#\/schema\/person\/image\/","url":"https:\/\/secure.gravatar.com\/avatar\/e4b3abeefeb17983433f333a4c54f394?s=96&d=mm&r=g","contentUrl":"https:\/\/secure.gravatar.com\/avatar\/e4b3abeefeb17983433f333a4c54f394?s=96&d=mm&r=g","caption":"maman anonyme"},"url":"https:\/\/www.neufmois.fr\/les-confessions\/author\/anonyme"}]}},"amp_enabled":true,"_links":{"self":[{"href":"https:\/\/www.neufmois.fr\/les-confessions\/wp-json\/wp\/v2\/posts\/107"}],"collection":[{"href":"https:\/\/www.neufmois.fr\/les-confessions\/wp-json\/wp\/v2\/posts"}],"about":[{"href":"https:\/\/www.neufmois.fr\/les-confessions\/wp-json\/wp\/v2\/types\/post"}],"author":[{"embeddable":true,"href":"https:\/\/www.neufmois.fr\/les-confessions\/wp-json\/wp\/v2\/users\/461446"}],"replies":[{"embeddable":true,"href":"https:\/\/www.neufmois.fr\/les-confessions\/wp-json\/wp\/v2\/comments?post=107"}],"version-history":[{"count":0,"href":"https:\/\/www.neufmois.fr\/les-confessions\/wp-json\/wp\/v2\/posts\/107\/revisions"}],"wp:attachment":[{"href":"https:\/\/www.neufmois.fr\/les-confessions\/wp-json\/wp\/v2\/media?parent=107"}],"wp:term":[{"taxonomy":"category","embeddable":true,"href":"https:\/\/www.neufmois.fr\/les-confessions\/wp-json\/wp\/v2\/categories?post=107"},{"taxonomy":"post_tag","embeddable":true,"href":"https:\/\/www.neufmois.fr\/les-confessions\/wp-json\/wp\/v2\/tags?post=107"}],"curies":[{"name":"wp","href":"https:\/\/api.w.org\/{rel}","templated":true}]}}