{"id":104,"date":"2013-10-15T00:57:00","date_gmt":"2013-10-15T00:57:00","guid":{"rendered":"https:\/\/www.neufmois.fr\/les-confessions\/?p=104"},"modified":"2013-10-15T00:57:00","modified_gmt":"2013-10-15T00:57:00","slug":"tres-fatiguer-et-peur","status":"publish","type":"post","link":"https:\/\/www.neufmois.fr\/les-confessions\/tres-fatiguer-et-peur","title":{"rendered":"tr\u00e8s fatiguer et peur"},"content":{"rendered":"<p>bonsoir a ts je suis \u00e0 quelque jours de mon terme \u00ab\u00a0qui est pr\u00e9vue le 19 Octobre\u00a0\u00bb la le temps deviens de plus en plus long en plus je me trouve avec une paraphl\u00e9bite \u00e0 la jambe droite si vous avez des astuce pour pouvoir d\u00e9clencher mon accouchement je suis preneuse.Je suis \u00e0 fleur de peau et j&rsquo;ai tous le temps envie de pleurer,en plus plus les jours passe et plus j&rsquo;ai peur car je ne voudrais pas que se soit un trop gros b\u00e9b\u00e9 car pour b\u00e9b\u00e91 j&rsquo;ai eu une \u00e9pisio et recousue avec fil r\u00e9sorbable ms j&rsquo;ai fais un rejet de sais fil 1mois apr\u00e8s mon accouchement ont a \u00e9t\u00e9 oblig\u00e9 de me rouvrir de 5 cm pour pouvoir enlever les points qu&rsquo;il restait alors je me dit que plus elle resteras et plus j&rsquo;aurais de chance d&rsquo;avoir une autre \u00e9pisio.<br \/>\nmerci d&rsquo;avance pour ttes celle qui me r\u00e9pondront  <\/p>\n","protected":false},"excerpt":{"rendered":"<p>bonsoir a ts je suis \u00e0 quelque jours de mon terme \u00ab\u00a0qui est pr\u00e9vue le 19 Octobre\u00a0\u00bb la le temps deviens de plus en plus long en plus je me trouve avec une paraphl\u00e9bite \u00e0 la jambe droite si vous avez des astuce pour pouvoir d\u00e9clencher mon accouchement je suis preneuse.Je suis \u00e0 fleur de peau et j&rsquo;ai tous le temps envie de pleurer,en plus plus les jours passe et plus j&rsquo;ai peur car je ne voudrais pas que se soit un trop gros b\u00e9b\u00e9 car pour b\u00e9b\u00e91 j&rsquo;ai eu<\/p>\n","protected":false},"author":461446,"featured_media":0,"comment_status":"open","ping_status":"open","sticky":false,"template":"","format":"standard","meta":[],"categories":[1],"tags":[],"yoast_head":"<!-- This site is optimized with the Yoast SEO plugin v20.4 - https:\/\/yoast.com\/wordpress\/plugins\/seo\/ -->\n<title>tr\u00e8s fatiguer et peur - Les confessions<\/title>\n<meta name=\"robots\" content=\"index, follow, max-snippet:-1, max-image-preview:large, max-video-preview:-1\" \/>\n<link rel=\"canonical\" href=\"https:\/\/www.neufmois.fr\/les-confessions\/tres-fatiguer-et-peur\" \/>\n<meta property=\"og:locale\" content=\"fr_FR\" \/>\n<meta property=\"og:type\" content=\"article\" \/>\n<meta property=\"og:title\" content=\"tr\u00e8s fatiguer et peur - Les confessions\" \/>\n<meta property=\"og:description\" content=\"bonsoir a ts je suis \u00e0 quelque jours de mon terme \u00ab\u00a0qui est pr\u00e9vue le 19 Octobre\u00a0\u00bb la le temps deviens de plus en plus long en plus je me trouve avec une paraphl\u00e9bite \u00e0 la jambe droite si vous avez des astuce pour pouvoir d\u00e9clencher mon accouchement je suis preneuse.Je suis \u00e0 fleur de peau et j&rsquo;ai tous le temps envie de pleurer,en plus plus les jours passe et plus j&rsquo;ai peur car je ne voudrais pas que se soit un trop gros b\u00e9b\u00e9 car pour b\u00e9b\u00e91 j&rsquo;ai eu\" \/>\n<meta property=\"og:url\" content=\"https:\/\/www.neufmois.fr\/les-confessions\/tres-fatiguer-et-peur\" \/>\n<meta property=\"og:site_name\" content=\"Les confessions\" \/>\n<meta property=\"article:published_time\" content=\"2013-10-15T00:57:00+00:00\" \/>\n<meta name=\"author\" content=\"maman anonyme\" \/>\n<meta name=\"twitter:card\" content=\"summary_large_image\" \/>\n<meta name=\"twitter:label1\" content=\"\u00c9crit par\" \/>\n\t<meta name=\"twitter:data1\" content=\"maman anonyme\" \/>\n\t<meta name=\"twitter:label2\" content=\"Dur\u00e9e de lecture estim\u00e9e\" \/>\n\t<meta name=\"twitter:data2\" content=\"1 minute\" \/>\n<script type=\"application\/ld+json\" class=\"yoast-schema-graph\">{\"@context\":\"https:\/\/schema.org\",\"@graph\":[{\"@type\":\"WebPage\",\"@id\":\"https:\/\/www.neufmois.fr\/les-confessions\/tres-fatiguer-et-peur\",\"url\":\"https:\/\/www.neufmois.fr\/les-confessions\/tres-fatiguer-et-peur\",\"name\":\"tr\u00e8s fatiguer et peur - Les confessions\",\"isPartOf\":{\"@id\":\"https:\/\/www.neufmois.fr\/les-confessions\/#website\"},\"datePublished\":\"2013-10-15T00:57:00+00:00\",\"dateModified\":\"2013-10-15T00:57:00+00:00\",\"author\":{\"@id\":\"https:\/\/www.neufmois.fr\/les-confessions\/#\/schema\/person\/893fe127c653ae6741f53a67962f8b5d\"},\"breadcrumb\":{\"@id\":\"https:\/\/www.neufmois.fr\/les-confessions\/tres-fatiguer-et-peur#breadcrumb\"},\"inLanguage\":\"fr-FR\",\"potentialAction\":[{\"@type\":\"ReadAction\",\"target\":[\"https:\/\/www.neufmois.fr\/les-confessions\/tres-fatiguer-et-peur\"]}]},{\"@type\":\"BreadcrumbList\",\"@id\":\"https:\/\/www.neufmois.fr\/les-confessions\/tres-fatiguer-et-peur#breadcrumb\",\"itemListElement\":[{\"@type\":\"ListItem\",\"position\":1,\"name\":\"Accueil\",\"item\":\"https:\/\/www.neufmois.fr\/les-confessions\/\"},{\"@type\":\"ListItem\",\"position\":2,\"name\":\"tr\u00e8s fatiguer et peur\"}]},{\"@type\":\"WebSite\",\"@id\":\"https:\/\/www.neufmois.fr\/les-confessions\/#website\",\"url\":\"https:\/\/www.neufmois.fr\/les-confessions\/\",\"name\":\"Les confessions\",\"description\":\" Les confessions\",\"potentialAction\":[{\"@type\":\"SearchAction\",\"target\":{\"@type\":\"EntryPoint\",\"urlTemplate\":\"https:\/\/www.neufmois.fr\/les-confessions\/?s={search_term_string}\"},\"query-input\":\"required name=search_term_string\"}],\"inLanguage\":\"fr-FR\"},{\"@type\":\"Person\",\"@id\":\"https:\/\/www.neufmois.fr\/les-confessions\/#\/schema\/person\/893fe127c653ae6741f53a67962f8b5d\",\"name\":\"maman anonyme\",\"image\":{\"@type\":\"ImageObject\",\"inLanguage\":\"fr-FR\",\"@id\":\"https:\/\/www.neufmois.fr\/les-confessions\/#\/schema\/person\/image\/\",\"url\":\"https:\/\/secure.gravatar.com\/avatar\/e4b3abeefeb17983433f333a4c54f394?s=96&d=mm&r=g\",\"contentUrl\":\"https:\/\/secure.gravatar.com\/avatar\/e4b3abeefeb17983433f333a4c54f394?s=96&d=mm&r=g\",\"caption\":\"maman anonyme\"},\"url\":\"https:\/\/www.neufmois.fr\/les-confessions\/author\/anonyme\"}]}<\/script>\n<!-- \/ Yoast SEO plugin. -->","yoast_head_json":{"title":"tr\u00e8s fatiguer et peur - Les confessions","robots":{"index":"index","follow":"follow","max-snippet":"max-snippet:-1","max-image-preview":"max-image-preview:large","max-video-preview":"max-video-preview:-1"},"canonical":"https:\/\/www.neufmois.fr\/les-confessions\/tres-fatiguer-et-peur","og_locale":"fr_FR","og_type":"article","og_title":"tr\u00e8s fatiguer et peur - Les confessions","og_description":"bonsoir a ts je suis \u00e0 quelque jours de mon terme \u00ab\u00a0qui est pr\u00e9vue le 19 Octobre\u00a0\u00bb la le temps deviens de plus en plus long en plus je me trouve avec une paraphl\u00e9bite \u00e0 la jambe droite si vous avez des astuce pour pouvoir d\u00e9clencher mon accouchement je suis preneuse.Je suis \u00e0 fleur de peau et j&rsquo;ai tous le temps envie de pleurer,en plus plus les jours passe et plus j&rsquo;ai peur car je ne voudrais pas que se soit un trop gros b\u00e9b\u00e9 car pour b\u00e9b\u00e91 j&rsquo;ai eu","og_url":"https:\/\/www.neufmois.fr\/les-confessions\/tres-fatiguer-et-peur","og_site_name":"Les confessions","article_published_time":"2013-10-15T00:57:00+00:00","author":"maman anonyme","twitter_card":"summary_large_image","twitter_misc":{"\u00c9crit par":"maman anonyme","Dur\u00e9e de lecture estim\u00e9e":"1 minute"},"schema":{"@context":"https:\/\/schema.org","@graph":[{"@type":"WebPage","@id":"https:\/\/www.neufmois.fr\/les-confessions\/tres-fatiguer-et-peur","url":"https:\/\/www.neufmois.fr\/les-confessions\/tres-fatiguer-et-peur","name":"tr\u00e8s fatiguer et peur - Les confessions","isPartOf":{"@id":"https:\/\/www.neufmois.fr\/les-confessions\/#website"},"datePublished":"2013-10-15T00:57:00+00:00","dateModified":"2013-10-15T00:57:00+00:00","author":{"@id":"https:\/\/www.neufmois.fr\/les-confessions\/#\/schema\/person\/893fe127c653ae6741f53a67962f8b5d"},"breadcrumb":{"@id":"https:\/\/www.neufmois.fr\/les-confessions\/tres-fatiguer-et-peur#breadcrumb"},"inLanguage":"fr-FR","potentialAction":[{"@type":"ReadAction","target":["https:\/\/www.neufmois.fr\/les-confessions\/tres-fatiguer-et-peur"]}]},{"@type":"BreadcrumbList","@id":"https:\/\/www.neufmois.fr\/les-confessions\/tres-fatiguer-et-peur#breadcrumb","itemListElement":[{"@type":"ListItem","position":1,"name":"Accueil","item":"https:\/\/www.neufmois.fr\/les-confessions\/"},{"@type":"ListItem","position":2,"name":"tr\u00e8s fatiguer et peur"}]},{"@type":"WebSite","@id":"https:\/\/www.neufmois.fr\/les-confessions\/#website","url":"https:\/\/www.neufmois.fr\/les-confessions\/","name":"Les confessions","description":" Les confessions","potentialAction":[{"@type":"SearchAction","target":{"@type":"EntryPoint","urlTemplate":"https:\/\/www.neufmois.fr\/les-confessions\/?s={search_term_string}"},"query-input":"required name=search_term_string"}],"inLanguage":"fr-FR"},{"@type":"Person","@id":"https:\/\/www.neufmois.fr\/les-confessions\/#\/schema\/person\/893fe127c653ae6741f53a67962f8b5d","name":"maman anonyme","image":{"@type":"ImageObject","inLanguage":"fr-FR","@id":"https:\/\/www.neufmois.fr\/les-confessions\/#\/schema\/person\/image\/","url":"https:\/\/secure.gravatar.com\/avatar\/e4b3abeefeb17983433f333a4c54f394?s=96&d=mm&r=g","contentUrl":"https:\/\/secure.gravatar.com\/avatar\/e4b3abeefeb17983433f333a4c54f394?s=96&d=mm&r=g","caption":"maman anonyme"},"url":"https:\/\/www.neufmois.fr\/les-confessions\/author\/anonyme"}]}},"amp_enabled":true,"_links":{"self":[{"href":"https:\/\/www.neufmois.fr\/les-confessions\/wp-json\/wp\/v2\/posts\/104"}],"collection":[{"href":"https:\/\/www.neufmois.fr\/les-confessions\/wp-json\/wp\/v2\/posts"}],"about":[{"href":"https:\/\/www.neufmois.fr\/les-confessions\/wp-json\/wp\/v2\/types\/post"}],"author":[{"embeddable":true,"href":"https:\/\/www.neufmois.fr\/les-confessions\/wp-json\/wp\/v2\/users\/461446"}],"replies":[{"embeddable":true,"href":"https:\/\/www.neufmois.fr\/les-confessions\/wp-json\/wp\/v2\/comments?post=104"}],"version-history":[{"count":0,"href":"https:\/\/www.neufmois.fr\/les-confessions\/wp-json\/wp\/v2\/posts\/104\/revisions"}],"wp:attachment":[{"href":"https:\/\/www.neufmois.fr\/les-confessions\/wp-json\/wp\/v2\/media?parent=104"}],"wp:term":[{"taxonomy":"category","embeddable":true,"href":"https:\/\/www.neufmois.fr\/les-confessions\/wp-json\/wp\/v2\/categories?post=104"},{"taxonomy":"post_tag","embeddable":true,"href":"https:\/\/www.neufmois.fr\/les-confessions\/wp-json\/wp\/v2\/tags?post=104"}],"curies":[{"name":"wp","href":"https:\/\/api.w.org\/{rel}","templated":true}]}}